{"id":34578,"date":"2025-08-19T13:42:10","date_gmt":"2025-08-19T13:42:10","guid":{"rendered":"https:\/\/usdailys.com\/?p=34578"},"modified":"2025-08-19T13:42:10","modified_gmt":"2025-08-19T13:42:10","slug":"tragedy-as-mp-30-kills-himself-in-finlands-parliament-building-weeks-after-revealing-health-battles-daily-mail-online","status":"publish","type":"post","link":"https:\/\/usdailys.com\/?p=34578","title":{"rendered":"Tragedy as MP, 30, kills himself in Finland&#8217;s parliament building weeks after revealing health battles | Daily Mail Online"},"content":{"rendered":"<p>&nbsp;<\/p>\n<p>&nbsp;<\/p>\n<p class=\"mol-para-with-font\">A young Finnish MP has taken his own life in the country&#8217;s parliament building just weeks after revealing his health battles.<\/p>\n<p class=\"mol-para-with-font\">SDP MP Eemeli Peltonen, 30, was confirmed to have died in the parliament building today at around 11am.<\/p>\n<p class=\"mol-para-with-font\">The first-term representative was elected to parliament in 2023, and was a member of its\u00a0Administrative Committee and Legal Committee, as well as a city councillor of J\u00e4rvenp\u00e4\u00e4 and the chairman of the city board.<\/p>\n<p class=\"mol-para-with-font\">In June, Peltonen revealed on social media that he was receiving treatment for kidney problems and had taken a few weeks off his parliamentary duties to recover at home.<\/p>\n<p class=\"mol-para-with-font\">But he later revealed that he had contracted a bacterial infection while being treated.<\/p>\n<p class=\"mol-para-with-font\">He said prior to his death: &#8216;To control the bacteria, I was started on an intravenous antibiotic course in [hospital], which will take time. At the same time, treatment for my kidney problems will continue.&#8217;<\/p>\n<p class=\"mol-para-with-font\">Police investigating the incident reportedly do not suspect foul play, while paramedics are also at the scene. Emergency services are said to have received a call at 11.06am today.<\/p>\n<p class=\"mol-para-with-font\">Finnish broadcaster Yle reported that at least one ambulance, a firetruck and two police vehicles were present at the Parliament Building.<\/p>\n<div class=\"artSplitter mol-img-group\">\n<div class=\"mol-img\">\n<div class=\"image-wrap\"><\/div>\n<\/div>\n<p class=\"imageCaption\">SDP MP Eemeli Peltonen, 30, was confirmed to have died in the parliament building today at around 11am<\/p>\n<\/div>\n<div class=\"artSplitter mol-img-group\">\n<div class=\"mol-img\">\n<div class=\"image-wrap\"><\/div>\n<\/div>\n<div class=\"clear\"><\/div>\n<p class=\"imageCaption\">A Finnish MP has reportedly taken their own life in the country&#8217;s parliament building (File image of the Parliament Building)<\/p>\n<\/div>\n<div class=\"artSplitter mol-img-group\">\n<div class=\"mol-img\">\n<div class=\"image-wrap\"><\/div>\n<\/div>\n<p class=\"imageCaption\">Emergency services are currently at the Parliament Building<\/p>\n<\/div>\n<div class=\"artSplitter mol-img-group\">\n<div class=\"mol-img\">\n<div class=\"image-wrap\"><\/div>\n<\/div>\n<p class=\"imageCaption\">Police investigating the incident reportedly do not suspect foul play<\/p>\n<\/div>\n<p class=\"mol-para-with-font\">One person who works nearby told the outlet: &#8216;Ambulances drove behind the Parliament Building with their whistles blaring. Then a full-size fire truck, a police car and, with a slight delay, an armored police Mercedes also drove there.&#8217;<\/p>\n<p class=\"mol-para-with-font\">Security Director Aaro Toivonen neither confirmed nor denied the initial reports, instead telling local media: &#8216;There is a mission underway, with rescue authorities, police and emergency services on site. I cannot say more than that at this stage.<\/p>\n<p class=\"mol-para-with-font\">&#8216;I can&#8217;t say what the emergency response from the emergency center has been. Parliament is a bit of an exceptional site, so one could imagine that such things have been considered when the situation has been unclear.&#8217;<\/p>\n<p class=\"mol-para-with-font\">Peltonen was elected to parliament in 2023 with nearly 6,000 votes. He began his political career at just 18 after being elected to his local city council with 153 votes.<\/p>\n<p class=\"mol-para-with-font\">At just 22 he became the chairman of his city&#8217;s council, the youngest person to hold the position.<\/p>\n<p class=\"mol-para-with-font\">He graduated from the University of Helsinki in 2020 with a Master&#8217;s degree in Political Science.<\/p>\n<p class=\"mol-para-with-font\">Sofia Nevalainen, a fellow city council member, wrote in a post to her Instagram: &#8216;You were my everything. I will always love you.&#8217;<\/p>\n<p class=\"mol-para-with-font\">She and Peltonen were pictured several times on each others social media accounts.<\/p>\n<p class=\"mol-para-with-font\">Finland&#8217;s PM Petteri Orpo said the ministerial group of the\u00a0Coalition Party, the ruling party, would &#8216;stop talking about politics&#8217; for a time in response to the tragedy.<\/p>\n<p class=\"mol-para-with-font\">He added: &#8216;We received some really shocking news some time ago from Parliament, our shared workplace, that one of our colleagues has passed away on Parliament premises. Really sad news.&#8217;<\/p>\n<div class=\"artSplitter mol-img-group\">\n<div class=\"mol-img\">\n<div class=\"image-wrap\"><\/div>\n<\/div>\n<p class=\"imageCaption\">Sofia Nevalainen, a fellow city council member, wrote in a post to her Instagram: &#8216;You were my everything. I will always love you.&#8217;<\/p>\n<\/div>\n<div class=\"artSplitter mol-img-group\">\n<div class=\"mol-img\">\n<div class=\"image-wrap\"><\/div>\n<\/div>\n<p class=\"imageCaption\">She and Peltonen were pictured several times on each others social media accounts<\/p>\n<\/div>\n<div class=\"artSplitter mol-img-group\">\n<div class=\"mol-img\">\n<div class=\"image-wrap\"><\/div>\n<\/div>\n<p class=\"imageCaption\">Peltonen was elected to parliament in 2023 with nearly 6,000 votes. He began his political career at just 18 after being elected to his local city council with 153 votes<\/p>\n<\/div>\n<div class=\"artSplitter mol-img-group\">\n<div class=\"mol-img\">\n<div class=\"image-wrap\"><\/div>\n<\/div>\n<p class=\"imageCaption\">At just 22 he became the chairman of his city&#8217;s council, the youngest person to hold the position<\/p>\n<\/div>\n<p class=\"mol-para-with-font\">Jussi Halla-aho, the speaker of Finland&#8217;s parliament, said of\u00a0Peltonen&#8217;s passing: &#8216;On behalf of the Parliament, I express my condolences to the family and loved ones of Representative Peltonen.<\/p>\n<p class=\"mol-para-with-font\">&#8216;Peltonen was a well-liked and respected colleague across party lines.&#8217;<\/p>\n<p class=\"mol-para-with-font\">Finland&#8217;s parliament is currently in recess, with the autumn session set to begin on September 2.<\/p>\n<ul class=\"mol-bullets-with-font\">\n<li class=\"mol-style-bold\">For confidential support call the Samaritans on 116123 or visit a local Samaritans branch, see www.samaritans.org\u00a0for details.<\/li>\n<\/ul>\n","protected":false},"excerpt":{"rendered":"<p>&nbsp; &nbsp; A young Finnish MP has taken his own life in the country&#8217;s parliament building just weeks after revealing his health battles. SDP MP Eemeli Peltonen, 30, was confirmed &hellip; <\/p>\n","protected":false},"author":2,"featured_media":34579,"comment_status":"open","ping_status":"open","sticky":false,"template":"","format":"standard","meta":{"footnotes":""},"categories":[1],"tags":[],"class_list":["post-34578","post","type-post","status-publish","format-standard","has-post-thumbnail","hentry","category-uncategorized"],"_links":{"self":[{"href":"https:\/\/usdailys.com\/index.php?rest_route=\/wp\/v2\/posts\/34578","targetHints":{"allow":["GET"]}}],"collection":[{"href":"https:\/\/usdailys.com\/index.php?rest_route=\/wp\/v2\/posts"}],"about":[{"href":"https:\/\/usdailys.com\/index.php?rest_route=\/wp\/v2\/types\/post"}],"author":[{"embeddable":true,"href":"https:\/\/usdailys.com\/index.php?rest_route=\/wp\/v2\/users\/2"}],"replies":[{"embeddable":true,"href":"https:\/\/usdailys.com\/index.php?rest_route=%2Fwp%2Fv2%2Fcomments&post=34578"}],"version-history":[{"count":1,"href":"https:\/\/usdailys.com\/index.php?rest_route=\/wp\/v2\/posts\/34578\/revisions"}],"predecessor-version":[{"id":34580,"href":"https:\/\/usdailys.com\/index.php?rest_route=\/wp\/v2\/posts\/34578\/revisions\/34580"}],"wp:featuredmedia":[{"embeddable":true,"href":"https:\/\/usdailys.com\/index.php?rest_route=\/wp\/v2\/media\/34579"}],"wp:attachment":[{"href":"https:\/\/usdailys.com\/index.php?rest_route=%2Fwp%2Fv2%2Fmedia&parent=34578"}],"wp:term":[{"taxonomy":"category","embeddable":true,"href":"https:\/\/usdailys.com\/index.php?rest_route=%2Fwp%2Fv2%2Fcategories&post=34578"},{"taxonomy":"post_tag","embeddable":true,"href":"https:\/\/usdailys.com\/index.php?rest_route=%2Fwp%2Fv2%2Ftags&post=34578"}],"curies":[{"name":"wp","href":"https:\/\/api.w.org\/{rel}","templated":true}]}}