{"id":26870,"date":"2025-05-07T18:45:10","date_gmt":"2025-05-07T18:45:10","guid":{"rendered":"https:\/\/usdailys.com\/?p=26870"},"modified":"2025-05-07T18:45:10","modified_gmt":"2025-05-07T18:45:10","slug":"rapper-megan-thee-stallion-accused-of-breaking-met-gala-rules","status":"publish","type":"post","link":"https:\/\/usdailys.com\/?p=26870","title":{"rendered":"Rapper Megan Thee Stallion Accused Of Breaking Met Gala Rules"},"content":{"rendered":"<p>&nbsp;<\/p>\n<p>&nbsp;<\/p>\n<p class=\"ContentRenderer_paragraph__B2z36 ContentRenderer_paragraph-first___d_VF\">Just hours after dazzling on the red carpet, the American rapper gave fans an unsanctioned look inside one of fashion&#8217;s most secretive events. Read on for all the latest scoop!<\/p>\n<div>\n<div class=\"adv\">\n<div class=\"Ad-Container AdvInTextBuilder_slot-wrapper___Oz3G\">\n<div class=\"AdvTitle_wrap__wIGWH\">\n<p class=\"ContentRenderer_paragraph__B2z36\">Rapper Megan Thee Stallion has drawn attention online after appearing to break a long-standing Met Gala rule. During the high-profile event, she shared a video from inside the venue on her social media.<\/p>\n<div>\n<div class=\"Image_wrapper__1NP9g\">\n<div class=\"Image_container__oHMMQ\">\n<div class=\"Image_ref__XcBnw\"><picture><source srcset=\"https:\/\/imgproxy.amomama.com\/NqAauvlpkUzutNbgtjFrP1L8KJnl4mMUN-C0FQ4lRVA\/rs:fill:375:0:1\/g:no\/aHR0cHM6Ly9jZG4uYW1vbWFtYS5jb20vMDY3M2JlMTM1ZmRlMWUzNzljMDBkODM0NmE0MjcxNjRkZTQwN2Q1YjQ1ZGJhNWJjNTcyOTdlMDcxNmQ5MzhkNy5qcGc_d2lkdGg9MTIwMCZoZWlnaHQ9MzQw.jpg 375w,https:\/\/imgproxy.amomama.com\/Q-1b9uppjuVA__l_3s1QYwu5y5roHANETYZLuLQE4YQ\/rs:fill:576:0:1\/g:no\/aHR0cHM6Ly9jZG4uYW1vbWFtYS5jb20vMDY3M2JlMTM1ZmRlMWUzNzljMDBkODM0NmE0MjcxNjRkZTQwN2Q1YjQ1ZGJhNWJjNTcyOTdlMDcxNmQ5MzhkNy5qcGc_d2lkdGg9MTIwMCZoZWlnaHQ9MzQw.jpg 576w,https:\/\/imgproxy.amomama.com\/ZNcZGJ7G_lvXEoKEmXyj1XEmrssmImDcPhmVChhSYjs\/rs:fill:768:0:1\/g:no\/aHR0cHM6Ly9jZG4uYW1vbWFtYS5jb20vMDY3M2JlMTM1ZmRlMWUzNzljMDBkODM0NmE0MjcxNjRkZTQwN2Q1YjQ1ZGJhNWJjNTcyOTdlMDcxNmQ5MzhkNy5qcGc_d2lkdGg9MTIwMCZoZWlnaHQ9MzQw.jpg 768w,https:\/\/imgproxy.amomama.com\/7WsfcT6cgsKx8Od015rCMlWTVoVcD1nqMLEjZZuGWiw\/rs:fill:992:0:1\/g:no\/aHR0cHM6Ly9jZG4uYW1vbWFtYS5jb20vMDY3M2JlMTM1ZmRlMWUzNzljMDBkODM0NmE0MjcxNjRkZTQwN2Q1YjQ1ZGJhNWJjNTcyOTdlMDcxNmQ5MzhkNy5qcGc_d2lkdGg9MTIwMCZoZWlnaHQ9MzQw.jpg 992w,https:\/\/imgproxy.amomama.com\/naDnCwIV1X_tx7xmcr4GUV5hKvRlOgCaws-L9FjK-2Q\/rs:fill:1200:0:1\/g:no\/aHR0cHM6Ly9jZG4uYW1vbWFtYS5jb20vMDY3M2JlMTM1ZmRlMWUzNzljMDBkODM0NmE0MjcxNjRkZTQwN2Q1YjQ1ZGJhNWJjNTcyOTdlMDcxNmQ5MzhkNy5qcGc_d2lkdGg9MTIwMCZoZWlnaHQ9MzQw.jpg 1200w\" type=\"image\/jpeg\" sizes=\"(max-width: 835px) 100vw, (max-width: 1279px) 830px, 830px\" \/><img loading=\"lazy\" decoding=\"async\" class=\"Image_image__11E9V Image_post-image__qnTn0\" src=\"https:\/\/cdn.amomama.com\/0673be135fde1e379c00d8346a427164de407d5b45dba5bc57297e0716d938d7.jpg\" alt=\"A netizen's comment on Megan Thee Stallion, dated May 6, 2025 | Source: Instagram\/A photo of Megan Thee Stallion, dated May 6, 2025 | Source: Instagram\/theestallion\" width=\"1200\" height=\"340\" \/><\/picture><\/div>\n<\/div>\n<p class=\"Image_title__T6_we\" data-testid=\"image-source\">A netizen&#8217;s comment on Megan Thee Stallion, dated May 6, 2025 | Source: Instagram\/A photo of Megan Thee Stallion, dated May 6, 2025 | Source: Instagram\/theestallion<\/p>\n<\/div>\n<\/div>\n<div>\n<p class=\"ContentRenderer_paragraph__B2z36\">In the footage,\u00a0<a class=\"Link_link__PUK08 Link_link__kvrlb\" href=\"https:\/\/www.instagram.com\/reel\/DJS6F7DRCl1\/?utm_source=ig_web_copy_link&amp;igsh=MzRlODBiNWFlZA==\" target=\"_blank\" rel=\"noopener noreferrer\" aria-label=\"https:\/\/www.instagram.com\/reel\/DJS6F7DRCl1\/?utm_source=ig_web_copy_link&amp;igsh=MzRlODBiNWFlZA==\">captioned<\/a>\u00a0&#8220;Hottie Cam in thee MET GALA,&#8221; Stallion is seen seated at a table with rapper Doechii and college basketball star Angel Reese.<\/p>\n<\/div>\n<div>\n<p class=\"ContentRenderer_paragraph__B2z36\">The trio reacts in real time to the evening&#8217;s dishes, beginning with cornbread and caviar. &#8220;I like it!&#8221; Doechii\u00a0<a class=\"Link_link__PUK08 Link_link__kvrlb\" href=\"https:\/\/www.instagram.com\/reel\/DJS6F7DRCl1\/?utm_source=ig_web_copy_link&amp;igsh=MzRlODBiNWFlZA==\" target=\"_blank\" rel=\"noopener noreferrer\" aria-label=\"https:\/\/www.instagram.com\/reel\/DJS6F7DRCl1\/?utm_source=ig_web_copy_link&amp;igsh=MzRlODBiNWFlZA==\">says<\/a>, as Stallion\u00a0<a class=\"Link_link__PUK08 Link_link__kvrlb\" href=\"https:\/\/www.instagram.com\/reel\/DJS6F7DRCl1\/?utm_source=ig_web_copy_link&amp;igsh=MzRlODBiNWFlZA==\" target=\"_blank\" rel=\"noopener noreferrer\" aria-label=\"https:\/\/www.instagram.com\/reel\/DJS6F7DRCl1\/?utm_source=ig_web_copy_link&amp;igsh=MzRlODBiNWFlZA==\">adds<\/a>, &#8220;I said it was good. She didn&#8217;t believe me,&#8221; motioning to Reese.<\/p>\n<\/div>\n<div>\n<div class=\"Image_wrapper__1NP9g Image_wrapper-vertical__PwZAR\">\n<div class=\"Image_container__oHMMQ\">\n<div class=\"Image_ref__XcBnw\"><picture><source srcset=\"https:\/\/imgproxy.amomama.com\/QFSYrnFYDd4MtjmmMLWJByOOR9cfWenAIXzDRGJepRM\/rs:fill:375:0:1\/g:no\/aHR0cHM6Ly9jZG4uYW1vbWFtYS5jb20vNTgyYTNhMDAzZmM3NjQ0ZjViYzc3NThhZGQ2NzU3N2ZmOWJmZGQwYWM3MjhjMDkyNDgzODk4MmNkNWZjZTE1ZS5wbmc_d2lkdGg9NjUyJmhlaWdodD0xMTc2.jpg 375w,https:\/\/imgproxy.amomama.com\/OmJgwSfGWzUqRtol9RS1wLC-mRpEjxGA9GMHMeYpNiY\/rs:fill:576:0:1\/g:no\/aHR0cHM6Ly9jZG4uYW1vbWFtYS5jb20vNTgyYTNhMDAzZmM3NjQ0ZjViYzc3NThhZGQ2NzU3N2ZmOWJmZGQwYWM3MjhjMDkyNDgzODk4MmNkNWZjZTE1ZS5wbmc_d2lkdGg9NjUyJmhlaWdodD0xMTc2.jpg 576w,https:\/\/imgproxy.amomama.com\/oKo0a6HyfGORWFaWej67lZCXzE6DGItqIl2479TNynU\/rs:fill:768:0:1\/g:no\/aHR0cHM6Ly9jZG4uYW1vbWFtYS5jb20vNTgyYTNhMDAzZmM3NjQ0ZjViYzc3NThhZGQ2NzU3N2ZmOWJmZGQwYWM3MjhjMDkyNDgzODk4MmNkNWZjZTE1ZS5wbmc_d2lkdGg9NjUyJmhlaWdodD0xMTc2.jpg 768w,https:\/\/imgproxy.amomama.com\/f8sCqhymdBnVXjRC2V09es0LrVHd07ZJTdolDLjMcr8\/rs:fill:992:0:1\/g:no\/aHR0cHM6Ly9jZG4uYW1vbWFtYS5jb20vNTgyYTNhMDAzZmM3NjQ0ZjViYzc3NThhZGQ2NzU3N2ZmOWJmZGQwYWM3MjhjMDkyNDgzODk4MmNkNWZjZTE1ZS5wbmc_d2lkdGg9NjUyJmhlaWdodD0xMTc2.jpg 992w,https:\/\/imgproxy.amomama.com\/MbNintYxu-O6VKxbwjQY3BKPEH1sfsA2oS02HgD5UqA\/rs:fill:1200:0:1\/g:no\/aHR0cHM6Ly9jZG4uYW1vbWFtYS5jb20vNTgyYTNhMDAzZmM3NjQ0ZjViYzc3NThhZGQ2NzU3N2ZmOWJmZGQwYWM3MjhjMDkyNDgzODk4MmNkNWZjZTE1ZS5wbmc_d2lkdGg9NjUyJmhlaWdodD0xMTc2.jpg 1200w\" type=\"image\/jpeg\" sizes=\"(max-width: 835px) 83.16326530612244vw, (max-width: 1279px) 581px, 581px\" \/><img loading=\"lazy\" decoding=\"async\" class=\"Image_image__11E9V Image_post-image__qnTn0\" src=\"https:\/\/cdn.amomama.com\/582a3a003fc7644f5bc7758add67577ff9bfdd0ac728c0924838982cd5fce15e.png\" alt=\"Megan Thee Stallion and Angel Reese are seen tasting the Met Gala menu, in a video dated May 6, 2025 | Source: Instagram\/A photo of Megan Thee Stallion, dated May 6, 2025 | Source: Instagram\/theestallion\" width=\"652\" height=\"1176\" \/><\/picture><\/div>\n<\/div>\n<p class=\"Image_title__T6_we\" data-testid=\"image-source\">Megan Thee Stallion and Angel Reese are seen tasting the Met Gala menu, in a video dated May 6, 2025 | Source: Instagram\/A photo of Megan Thee Stallion, dated May 6, 2025 | Source: Instagram\/theestallion<\/p>\n<\/div>\n<\/div>\n<div>\n<div class=\"adv\">\n<div class=\"Ad-Container AdvInTextBuilder_slot-wrapper___Oz3G\">\n<div class=\"AdvTitle_wrap__wIGWH\"><span class=\"AdvTitle_text__hRK31\">Advertisement<\/span><\/div>\n<div class=\"Ad-Container AdvSlots_adv-square-wrap__va0pf AdvSlots_adv-square-wrap__BxSU_\">\n<div class=\"AdvSlots_adv-square__246sC\" data-slot-type=\"1\" data-position=\"in_article_2\" data-code=\"\/21668216007\/d_amomama_intext_02\">\n<div id=\"in_article_2\" class=\"AdvSlots_slot__YAMh2\"><\/div>\n<\/div>\n<\/div>\n<\/div>\n<\/div>\n<\/div>\n<div>\n<p class=\"ContentRenderer_paragraph__B2z36\">The menu also included white truffle lobster roll, vegan lox, curry chicken bites, and hamachi sushi. Doechii praised the lobster roll, while Stallion expressed less enthusiasm for the vegan lox.<\/p>\n<\/div>\n<div>\n<div class=\"Image_wrapper__1NP9g Image_wrapper-vertical__PwZAR\">\n<div class=\"Image_container__oHMMQ\">\n<div class=\"Image_ref__XcBnw\"><picture><source srcset=\"https:\/\/imgproxy.amomama.com\/zbezku3joKUInntZ_sMgngWeNAnE-1qvxvKxuY2SvPs\/rs:fill:375:0:1\/g:no\/aHR0cHM6Ly9jZG4uYW1vbWFtYS5jb20vNTI5MTA2NzJmMmRkNzFkYzJiODVmZjA5ZWNjYzUzM2M0OTFhM2M2NDlmNDA0NzRkOWRkYTU3NzM0ZDQwYjg5Mi5wbmc_d2lkdGg9NjgwJmhlaWdodD0xMjMw.jpg 375w,https:\/\/imgproxy.amomama.com\/NV_i8puUxrj06KDcSftfJNqaplomlj7SHY_xaPeSWwE\/rs:fill:576:0:1\/g:no\/aHR0cHM6Ly9jZG4uYW1vbWFtYS5jb20vNTI5MTA2NzJmMmRkNzFkYzJiODVmZjA5ZWNjYzUzM2M0OTFhM2M2NDlmNDA0NzRkOWRkYTU3NzM0ZDQwYjg5Mi5wbmc_d2lkdGg9NjgwJmhlaWdodD0xMjMw.jpg 576w,https:\/\/imgproxy.amomama.com\/2dQQ9ec5Ie4ASNuweYlGo_eYExfrUprd7wNMEB_H9K4\/rs:fill:768:0:1\/g:no\/aHR0cHM6Ly9jZG4uYW1vbWFtYS5jb20vNTI5MTA2NzJmMmRkNzFkYzJiODVmZjA5ZWNjYzUzM2M0OTFhM2M2NDlmNDA0NzRkOWRkYTU3NzM0ZDQwYjg5Mi5wbmc_d2lkdGg9NjgwJmhlaWdodD0xMjMw.jpg 768w,https:\/\/imgproxy.amomama.com\/2dTTu-SkQq1Epf_cwgQ3Ptq5_A_uXzN4cKzKDfDHOmY\/rs:fill:992:0:1\/g:no\/aHR0cHM6Ly9jZG4uYW1vbWFtYS5jb20vNTI5MTA2NzJmMmRkNzFkYzJiODVmZjA5ZWNjYzUzM2M0OTFhM2M2NDlmNDA0NzRkOWRkYTU3NzM0ZDQwYjg5Mi5wbmc_d2lkdGg9NjgwJmhlaWdodD0xMjMw.jpg 992w,https:\/\/imgproxy.amomama.com\/IQFBwpdALOB7RVmTED9JZ3mAkm7zv-vmJ_WrhRr5pnw\/rs:fill:1200:0:1\/g:no\/aHR0cHM6Ly9jZG4uYW1vbWFtYS5jb20vNTI5MTA2NzJmMmRkNzFkYzJiODVmZjA5ZWNjYzUzM2M0OTFhM2M2NDlmNDA0NzRkOWRkYTU3NzM0ZDQwYjg5Mi5wbmc_d2lkdGg9NjgwJmhlaWdodD0xMjMw.jpg 1200w\" type=\"image\/jpeg\" sizes=\"(max-width: 835px) 82.92682926829268vw, (max-width: 1279px) 581px, 581px\" \/><img loading=\"lazy\" decoding=\"async\" class=\"Image_image__11E9V Image_post-image__qnTn0\" src=\"https:\/\/cdn.amomama.com\/52910672f2dd71dc2b85ff09eccc533c491a3c649f40474d9dda57734d40b892.png\" alt=\"Megan Thee Stallion, Angel Reese, and Doechii are seen together at the Met Gala, dated May 6, 2025 | Source: Instagram\/A photo of Megan Thee Stallion, dated May 6, 2025 | Source: Instagram\/theestallion\" width=\"680\" height=\"1230\" \/><\/picture><\/div>\n<\/div>\n<p class=\"Image_title__T6_we\" data-testid=\"image-source\">Megan Thee Stallion, Angel Reese, and Doechii are seen together at the Met Gala, dated May 6, 2025 | Source: Instagram\/A photo of Megan Thee Stallion, dated May 6, 2025 | Source: Instagram\/theestallion<\/p>\n<\/div>\n<\/div>\n<div>\n<p class=\"ContentRenderer_paragraph__B2z36\">Between bites, the video shifts to lighthearted banter \u2014 and a rule reminder. &#8220;We&#8217;re not supposed to have our phones,&#8221; Stallion\u00a0<a class=\"Link_link__PUK08 Link_link__kvrlb\" href=\"https:\/\/www.instagram.com\/reel\/DJS6F7DRCl1\/?utm_source=ig_web_copy_link&amp;igsh=MzRlODBiNWFlZA==\" target=\"_blank\" rel=\"noopener noreferrer\" aria-label=\"https:\/\/www.instagram.com\/reel\/DJS6F7DRCl1\/?utm_source=ig_web_copy_link&amp;igsh=MzRlODBiNWFlZA==\">says<\/a>\u00a0on camera. Tracee Ellis Ross, overhearing,\u00a0<a class=\"Link_link__PUK08 Link_link__kvrlb\" href=\"https:\/\/www.instagram.com\/reel\/DJS6F7DRCl1\/?utm_source=ig_web_copy_link&amp;igsh=MzRlODBiNWFlZA==\" target=\"_blank\" rel=\"noopener noreferrer\" aria-label=\"https:\/\/www.instagram.com\/reel\/DJS6F7DRCl1\/?utm_source=ig_web_copy_link&amp;igsh=MzRlODBiNWFlZA==\">chimes in<\/a>\u00a0with a laugh, &#8220;Not at all. Put your phone away.&#8221;<\/p>\n<\/div>\n<div>\n<p class=\"ContentRenderer_paragraph__B2z36\">Stallion then\u00a0<a class=\"Link_link__PUK08 Link_link__kvrlb\" href=\"https:\/\/www.instagram.com\/reel\/DJS6F7DRCl1\/?utm_source=ig_web_copy_link&amp;igsh=MzRlODBiNWFlZA==\" target=\"_blank\" rel=\"noopener noreferrer\" aria-label=\"https:\/\/www.instagram.com\/reel\/DJS6F7DRCl1\/?utm_source=ig_web_copy_link&amp;igsh=MzRlODBiNWFlZA==\">admits<\/a>, &#8220;I snuck the phone inside,&#8221; before sharing more candid clips from the event. &#8220;I&#8217;m not supposed to have this,&#8221; she\u00a0<a class=\"Link_link__PUK08 Link_link__kvrlb\" href=\"https:\/\/www.instagram.com\/reel\/DJS6F7DRCl1\/?utm_source=ig_web_copy_link&amp;igsh=MzRlODBiNWFlZA==\" target=\"_blank\" rel=\"noopener noreferrer\" aria-label=\"https:\/\/www.instagram.com\/reel\/DJS6F7DRCl1\/?utm_source=ig_web_copy_link&amp;igsh=MzRlODBiNWFlZA==\">says<\/a>, offering a look at the venue&#8217;s setup.<\/p>\n<\/div>\n<div>\n<div class=\"Image_wrapper__1NP9g Image_wrapper-vertical__PwZAR\">\n<div class=\"Image_container__oHMMQ\">\n<div class=\"Image_ref__XcBnw\"><picture><source srcset=\"https:\/\/imgproxy.amomama.com\/MbjlBVZoMOmrEazyIFkKEKYk7oXHe5FGL9xjptac_KY\/rs:fill:375:0:1\/g:no\/aHR0cHM6Ly9jZG4uYW1vbWFtYS5jb20vMzc1ZjY4ZjQwNzcyM2JiMDhjNDRmN2M4MzIzMTQ2NGEwYmE1YzRlMTdlYzZhYTM1NWYwMjdjMmMzNWY3NmY4MC5wbmc_d2lkdGg9NjYyJmhlaWdodD0xMTgy.jpg 375w,https:\/\/imgproxy.amomama.com\/dBnBjIiwJ6URkqJcJgEgbEZZOxLLTssJS6XX9Yg_TvM\/rs:fill:576:0:1\/g:no\/aHR0cHM6Ly9jZG4uYW1vbWFtYS5jb20vMzc1ZjY4ZjQwNzcyM2JiMDhjNDRmN2M4MzIzMTQ2NGEwYmE1YzRlMTdlYzZhYTM1NWYwMjdjMmMzNWY3NmY4MC5wbmc_d2lkdGg9NjYyJmhlaWdodD0xMTgy.jpg 576w,https:\/\/imgproxy.amomama.com\/6MAft8o6fDG0L5y2TDEgzI6JWQnbVXiRs6MtKT07s1I\/rs:fill:768:0:1\/g:no\/aHR0cHM6Ly9jZG4uYW1vbWFtYS5jb20vMzc1ZjY4ZjQwNzcyM2JiMDhjNDRmN2M4MzIzMTQ2NGEwYmE1YzRlMTdlYzZhYTM1NWYwMjdjMmMzNWY3NmY4MC5wbmc_d2lkdGg9NjYyJmhlaWdodD0xMTgy.jpg 768w,https:\/\/imgproxy.amomama.com\/vyeZE4nm4TStuXdp_TtkZhv-kpjgmICeWYt8KDtRKK0\/rs:fill:992:0:1\/g:no\/aHR0cHM6Ly9jZG4uYW1vbWFtYS5jb20vMzc1ZjY4ZjQwNzcyM2JiMDhjNDRmN2M4MzIzMTQ2NGEwYmE1YzRlMTdlYzZhYTM1NWYwMjdjMmMzNWY3NmY4MC5wbmc_d2lkdGg9NjYyJmhlaWdodD0xMTgy.jpg 992w,https:\/\/imgproxy.amomama.com\/9sK_6_sxwrmnMpAwxpU9PJU8qq0OnUE9MjOHDx4rHto\/rs:fill:1200:0:1\/g:no\/aHR0cHM6Ly9jZG4uYW1vbWFtYS5jb20vMzc1ZjY4ZjQwNzcyM2JiMDhjNDRmN2M4MzIzMTQ2NGEwYmE1YzRlMTdlYzZhYTM1NWYwMjdjMmMzNWY3NmY4MC5wbmc_d2lkdGg9NjYyJmhlaWdodD0xMTgy.jpg 1200w\" type=\"image\/jpeg\" sizes=\"(max-width: 835px) 84.01015228426395vw, (max-width: 1279px) 581px, 581px\" \/><img loading=\"lazy\" decoding=\"async\" class=\"Image_image__11E9V Image_post-image__qnTn0\" src=\"https:\/\/cdn.amomama.com\/375f68f407723bb08c44f7c83231464a0ba5c4e17ec6aa355f027c2c35f76f80.png\" alt=\"Megan Thee Stallion and Angel Reese are seen in a video shared on May 6, 2025 | Source: Instagram\/A photo of Megan Thee Stallion, dated May 6, 2025 | Source: Instagram\/theestallion\" width=\"662\" height=\"1182\" \/><\/picture><\/div>\n<\/div>\n<p class=\"Image_title__T6_we\" data-testid=\"image-source\">Megan Thee Stallion and Angel Reese are seen in a video shared on May 6, 2025 | Source: Instagram\/A photo of Megan Thee Stallion, dated May 6, 2025 | Source: Instagram\/theestallion<\/p>\n<\/div>\n<\/div>\n<div>\n<div class=\"adv\">\n<div class=\"Ad-Container AdvInTextBuilder_slot-wrapper___Oz3G\">\n<div class=\"AdvTitle_wrap__wIGWH\"><span class=\"AdvTitle_text__hRK31\">Advertisement<\/span><\/div>\n<div class=\"Ad-Container AdvSlots_adv-square-wrap__va0pf AdvSlots_adv-square-wrap__BxSU_\">\n<div class=\"AdvSlots_adv-square__246sC\" data-slot-type=\"1\" data-position=\"in_article_3\" data-code=\"\/21668216007\/d_amomama_intext_03\">\n<div id=\"in_article_3\" class=\"AdvSlots_slot__YAMh2\"><\/div>\n<\/div>\n<\/div>\n<\/div>\n<\/div>\n<\/div>\n<div>\n<p class=\"ContentRenderer_paragraph__B2z36\">The Met Gala, hosted by Vogue and held annually at the Metropolitan Museum of Art, enforces a strict no-phone, no-social-media policy once guests enter the venue.<\/p>\n<\/div>\n<div>\n<p class=\"ContentRenderer_paragraph__B2z36\">As\u00a0<a class=\"Link_link__PUK08 Link_link__kvrlb\" href=\"https:\/\/www.vogue.com\/article\/everything-to-know-met-gala#:~:text=That%E2%80%99s%20kept%20largely,explore%20the%20exhibition\" target=\"_blank\" rel=\"noopener noreferrer\" aria-label=\"https:\/\/www.vogue.com\/article\/everything-to-know-met-gala#:~:text=That%E2%80%99s%20kept%20largely,explore%20the%20exhibition\">outlined<\/a>, &#8220;Guests must abide by a no-phone (and, therefore, no social media) policy once they&#8217;ve entered the museum.&#8221; This is intended to preserve the exclusive nature of the event and protect the privacy of its high-profile attendees.<\/p>\n<\/div>\n<div>\n<div class=\"Image_wrapper__1NP9g Image_wrapper-vertical__PwZAR\">\n<div class=\"Image_container__oHMMQ\">\n<div class=\"Image_ref__XcBnw\"><picture><source srcset=\"https:\/\/imgproxy.amomama.com\/1hXkOglwlva2gG9ABcchvYNgdHKPj88vss5DvbLk7sw\/rs:fill:375:0:1\/g:no\/aHR0cHM6Ly9jZG4uYW1vbWFtYS5jb20vZGY1NjQ1ZjA5Y2VmOTMwYWZhZmZhNWYzNGMxNzU4ZTU5NmY1NzAyNWJmMWJmNTJlY2RkYzIzMDFjYjhiNGMwNy5wbmc_d2lkdGg9NjU4JmhlaWdodD0xMTgw.jpg 375w,https:\/\/imgproxy.amomama.com\/XtHz9p9qtLbMpy8Cs08dJclFPXCUrkAqFYvRZ30ro2g\/rs:fill:576:0:1\/g:no\/aHR0cHM6Ly9jZG4uYW1vbWFtYS5jb20vZGY1NjQ1ZjA5Y2VmOTMwYWZhZmZhNWYzNGMxNzU4ZTU5NmY1NzAyNWJmMWJmNTJlY2RkYzIzMDFjYjhiNGMwNy5wbmc_d2lkdGg9NjU4JmhlaWdodD0xMTgw.jpg 576w,https:\/\/imgproxy.amomama.com\/FDe70_I2yizPc36HGKlMlqEzoDsQhrF53wlJz3assQ4\/rs:fill:768:0:1\/g:no\/aHR0cHM6Ly9jZG4uYW1vbWFtYS5jb20vZGY1NjQ1ZjA5Y2VmOTMwYWZhZmZhNWYzNGMxNzU4ZTU5NmY1NzAyNWJmMWJmNTJlY2RkYzIzMDFjYjhiNGMwNy5wbmc_d2lkdGg9NjU4JmhlaWdodD0xMTgw.jpg 768w,https:\/\/imgproxy.amomama.com\/cAP8_vgwa4P5Bls5keuohcJDgzFKWrd5coNhIpv8cOs\/rs:fill:992:0:1\/g:no\/aHR0cHM6Ly9jZG4uYW1vbWFtYS5jb20vZGY1NjQ1ZjA5Y2VmOTMwYWZhZmZhNWYzNGMxNzU4ZTU5NmY1NzAyNWJmMWJmNTJlY2RkYzIzMDFjYjhiNGMwNy5wbmc_d2lkdGg9NjU4JmhlaWdodD0xMTgw.jpg 992w,https:\/\/imgproxy.amomama.com\/kAOerIn14HEUsduONTTao1IJQFqP3Mi7uE6NI2GILvE\/rs:fill:1200:0:1\/g:no\/aHR0cHM6Ly9jZG4uYW1vbWFtYS5jb20vZGY1NjQ1ZjA5Y2VmOTMwYWZhZmZhNWYzNGMxNzU4ZTU5NmY1NzAyNWJmMWJmNTJlY2RkYzIzMDFjYjhiNGMwNy5wbmc_d2lkdGg9NjU4JmhlaWdodD0xMTgw.jpg 1200w\" type=\"image\/jpeg\" sizes=\"(max-width: 835px) 83.64406779661017vw, (max-width: 1279px) 581px, 581px\" \/><img loading=\"lazy\" decoding=\"async\" class=\"Image_image__11E9V Image_post-image__qnTn0\" src=\"https:\/\/cdn.amomama.com\/df5645f09cef930afaffa5f34c1758e596f57025bf1bf52ecddc2301cb8b4c07.png\" alt=\"A screenshot of Megan Thee Stallion while recording herself at the Met Gala, dated May 6, 2025 | Source: Instagram\/A photo of Megan Thee Stallion, dated May 6, 2025 | Source: Instagram\/theestallion\" width=\"658\" height=\"1180\" \/><\/picture><\/div>\n<\/div>\n<p class=\"Image_title__T6_we\" data-testid=\"image-source\">A screenshot of Megan Thee Stallion while recording herself at the Met Gala, dated May 6, 2025 | Source: Instagram\/A photo of Megan Thee Stallion, dated May 6, 2025 | Source: Instagram\/theestallion<\/p>\n<\/div>\n<\/div>\n<div>\n<p class=\"ContentRenderer_paragraph__B2z36\">Stallion&#8217;s post, which was widely circulated, quickly attracted reactions from fans and followers on Instagram. One person\u00a0<a class=\"Link_link__PUK08 Link_link__kvrlb\" href=\"https:\/\/www.instagram.com\/p\/DJS6F7DRCl1\/c\/18025014827485600\/\" target=\"_blank\" rel=\"noopener noreferrer\" aria-label=\"https:\/\/www.instagram.com\/p\/DJS6F7DRCl1\/c\/18025014827485600\/\">wrote<\/a>,\u00a0<i class=\"ContentRenderer_italic__eQgX6\">&#8220;Thank you for this forbidden footage sis [sic].&#8221;\u00a0<\/i>Another\u00a0<a class=\"Link_link__PUK08 Link_link__kvrlb\" href=\"https:\/\/www.instagram.com\/p\/DJS6F7DRCl1\/c\/17977918595833680\/\" target=\"_blank\" rel=\"noopener noreferrer\" aria-label=\"https:\/\/www.instagram.com\/p\/DJS6F7DRCl1\/c\/17977918595833680\/\">added<\/a>,\u00a0<i class=\"ContentRenderer_italic__eQgX6\">&#8220;Here before Anna make you delete this [sic].&#8221;<\/i><\/p>\n<\/div>\n<div>\n<div class=\"Image_wrapper__1NP9g Image_wrapper-vertical__PwZAR\">\n<div class=\"Image_container__oHMMQ\">\n<div class=\"Image_ref__XcBnw\"><picture><source srcset=\"https:\/\/imgproxy.amomama.com\/3Zmp_A35Et3QIK1bIW0RFGyKVFvX_sZUcUnnmb1avi8\/rs:fill:375:0:1\/g:no\/aHR0cHM6Ly9jZG4uYW1vbWFtYS5jb20vYzA0YWZmNjZlZDc3ZDhlZWI3MWVjNTUzNjlhOWI5NTVlMmE5YjJhNjM1YWQxNWIxNzQwYWM3MmU3Yzc5MTkyOS5wbmc_d2lkdGg9NjU2JmhlaWdodD0xMTgy.jpg 375w,https:\/\/imgproxy.amomama.com\/gC1zuLvDf2pyZ9gwWXf80v-An_dX3ucIELV1Tvd9YWw\/rs:fill:576:0:1\/g:no\/aHR0cHM6Ly9jZG4uYW1vbWFtYS5jb20vYzA0YWZmNjZlZDc3ZDhlZWI3MWVjNTUzNjlhOWI5NTVlMmE5YjJhNjM1YWQxNWIxNzQwYWM3MmU3Yzc5MTkyOS5wbmc_d2lkdGg9NjU2JmhlaWdodD0xMTgy.jpg 576w,https:\/\/imgproxy.amomama.com\/X9fq8xKJ7-2R5EA0P2o1pkdov5bxWEVlIq3RLbgM33k\/rs:fill:768:0:1\/g:no\/aHR0cHM6Ly9jZG4uYW1vbWFtYS5jb20vYzA0YWZmNjZlZDc3ZDhlZWI3MWVjNTUzNjlhOWI5NTVlMmE5YjJhNjM1YWQxNWIxNzQwYWM3MmU3Yzc5MTkyOS5wbmc_d2lkdGg9NjU2JmhlaWdodD0xMTgy.jpg 768w,https:\/\/imgproxy.amomama.com\/esZ_TWIIRFVHmjrIFLiGTfMVuDayxJarZkwwYggw6ZM\/rs:fill:992:0:1\/g:no\/aHR0cHM6Ly9jZG4uYW1vbWFtYS5jb20vYzA0YWZmNjZlZDc3ZDhlZWI3MWVjNTUzNjlhOWI5NTVlMmE5YjJhNjM1YWQxNWIxNzQwYWM3MmU3Yzc5MTkyOS5wbmc_d2lkdGg9NjU2JmhlaWdodD0xMTgy.jpg 992w,https:\/\/imgproxy.amomama.com\/AkY6ju--uyHabdMO93qZTkIDUAj0qg45_g-D7mMcR7Q\/rs:fill:1200:0:1\/g:no\/aHR0cHM6Ly9jZG4uYW1vbWFtYS5jb20vYzA0YWZmNjZlZDc3ZDhlZWI3MWVjNTUzNjlhOWI5NTVlMmE5YjJhNjM1YWQxNWIxNzQwYWM3MmU3Yzc5MTkyOS5wbmc_d2lkdGg9NjU2JmhlaWdodD0xMTgy.jpg 1200w\" type=\"image\/jpeg\" sizes=\"(max-width: 835px) 83.248730964467vw, (max-width: 1279px) 581px, 581px\" \/><img loading=\"lazy\" decoding=\"async\" class=\"Image_image__11E9V Image_post-image__qnTn0\" src=\"https:\/\/cdn.amomama.com\/c04aff66ed77d8eeb71ec55369a9b955e2a9b2a635ad15b1740ac72e7c791929.png\" alt=\"A shocked Megan Thee Stallion is pictured recording a video of herself at the Met Gala, dated May 6, 2025 | Source: Instagram\/A photo of Megan Thee Stallion, dated May 6, 2025 | Source: Instagram\/theestallion\" width=\"656\" height=\"1182\" \/><\/picture><\/div>\n<\/div>\n<p class=\"Image_title__T6_we\" data-testid=\"image-source\">A shocked Megan Thee Stallion is pictured recording a video of herself at the Met Gala, dated May 6, 2025 | Source: Instagram\/A photo of Megan Thee Stallion, dated May 6, 2025 | Source: Instagram\/theestallion<\/p>\n<\/div>\n<\/div>\n<div>\n<div class=\"adv\">\n<div class=\"Ad-Container AdvInTextBuilder_slot-wrapper___Oz3G\">\n<div class=\"AdvTitle_wrap__wIGWH\"><span class=\"AdvTitle_text__hRK31\">Advertisement<\/span><\/div>\n<div class=\"Ad-Container AdvSlots_adv-square-wrap__va0pf AdvSlots_adv-square-wrap__BxSU_\">\n<div class=\"AdvSlots_adv-square__246sC\" data-slot-type=\"1\" data-position=\"in_article_4\" data-code=\"\/21668216007\/d_amomama_intext_04\">\n<div id=\"in_article_4\" class=\"AdvSlots_slot__YAMh2\"><\/div>\n<\/div>\n<\/div>\n<\/div>\n<\/div>\n<\/div>\n<div>\n<p class=\"ContentRenderer_paragraph__B2z36\">Some viewers expressed their appreciation for the unexpected content.\u00a0<i class=\"ContentRenderer_italic__eQgX6\">&#8220;This is the content we want and neeeed! Thank you,&#8221;\u00a0<\/i>one person\u00a0<a class=\"Link_link__PUK08 Link_link__kvrlb\" href=\"https:\/\/www.instagram.com\/p\/DJS6F7DRCl1\/c\/18369674299125060\/\" target=\"_blank\" rel=\"noopener noreferrer\" aria-label=\"https:\/\/www.instagram.com\/p\/DJS6F7DRCl1\/c\/18369674299125060\/\">wrote<\/a>.<\/p>\n<\/div>\n<div>\n<p class=\"ContentRenderer_paragraph__B2z36\">Another\u00a0<a class=\"Link_link__PUK08 Link_link__kvrlb\" href=\"https:\/\/www.instagram.com\/p\/DJS6F7DRCl1\/c\/17946081386868161\/\" target=\"_blank\" rel=\"noopener noreferrer\" aria-label=\"https:\/\/www.instagram.com\/p\/DJS6F7DRCl1\/c\/17946081386868161\/\">said<\/a>,\u00a0<i class=\"ContentRenderer_italic__eQgX6\">&#8220;Girl they not gon invite you back but thank you for thiiissss [sic].&#8221;<\/i>\u00a0Even Instagram&#8217;s official account\u00a0<a class=\"Link_link__PUK08 Link_link__kvrlb\" href=\"https:\/\/www.instagram.com\/p\/DJS6F7DRCl1\/c\/18311753176239461\/\" target=\"_blank\" rel=\"noopener noreferrer\" aria-label=\"https:\/\/www.instagram.com\/p\/DJS6F7DRCl1\/c\/18311753176239461\/\">responded with<\/a>\u00a0<i class=\"ContentRenderer_italic__eQgX6\">&#8220;exclusive footage, mind you [sic].&#8221;<\/i><\/p>\n<\/div>\n<div>\n<div class=\"Image_wrapper__1NP9g Image_wrapper-vertical__PwZAR\">\n<div class=\"Image_container__oHMMQ\">\n<div class=\"Image_ref__XcBnw\"><picture><source srcset=\"https:\/\/imgproxy.amomama.com\/S27ix9z8u8vCqUkHhkw02Re8vZNt1OJqvWVyhaKMi94\/rs:fill:375:0:1\/g:no\/aHR0cHM6Ly9jZG4uYW1vbWFtYS5jb20vMDZhMmUwNjNmOTFiYWI2NjZjNmVjYjg1ZDE5NGFlNDg2YzhjZjI4ZTdmMDhkODgzYmY1NmZkZmEzOTMyOGY3ZS5wbmc_d2lkdGg9NjU4JmhlaWdodD0xMTc2.jpg 375w,https:\/\/imgproxy.amomama.com\/oQDd01xalthxxId58iyR7q192kInjZ-N17xIKU1KyNY\/rs:fill:576:0:1\/g:no\/aHR0cHM6Ly9jZG4uYW1vbWFtYS5jb20vMDZhMmUwNjNmOTFiYWI2NjZjNmVjYjg1ZDE5NGFlNDg2YzhjZjI4ZTdmMDhkODgzYmY1NmZkZmEzOTMyOGY3ZS5wbmc_d2lkdGg9NjU4JmhlaWdodD0xMTc2.jpg 576w,https:\/\/imgproxy.amomama.com\/wwWnT0-1mR6ALz3SfwS6Ti_rP-AwkwL2ntdXY_YrHCQ\/rs:fill:768:0:1\/g:no\/aHR0cHM6Ly9jZG4uYW1vbWFtYS5jb20vMDZhMmUwNjNmOTFiYWI2NjZjNmVjYjg1ZDE5NGFlNDg2YzhjZjI4ZTdmMDhkODgzYmY1NmZkZmEzOTMyOGY3ZS5wbmc_d2lkdGg9NjU4JmhlaWdodD0xMTc2.jpg 768w,https:\/\/imgproxy.amomama.com\/DJUEZARnpfgCtpR7gCdtxDFJzZW5zCIS942oi0Ypohg\/rs:fill:992:0:1\/g:no\/aHR0cHM6Ly9jZG4uYW1vbWFtYS5jb20vMDZhMmUwNjNmOTFiYWI2NjZjNmVjYjg1ZDE5NGFlNDg2YzhjZjI4ZTdmMDhkODgzYmY1NmZkZmEzOTMyOGY3ZS5wbmc_d2lkdGg9NjU4JmhlaWdodD0xMTc2.jpg 992w,https:\/\/imgproxy.amomama.com\/mpQA58IyXwZKSnDKVmqTPGxlc9_7Ba5qSaVy56LbvsY\/rs:fill:1200:0:1\/g:no\/aHR0cHM6Ly9jZG4uYW1vbWFtYS5jb20vMDZhMmUwNjNmOTFiYWI2NjZjNmVjYjg1ZDE5NGFlNDg2YzhjZjI4ZTdmMDhkODgzYmY1NmZkZmEzOTMyOGY3ZS5wbmc_d2lkdGg9NjU4JmhlaWdodD0xMTc2.jpg 1200w\" type=\"image\/jpeg\" sizes=\"(max-width: 835px) 83.92857142857143vw, (max-width: 1279px) 581px, 581px\" \/><img loading=\"lazy\" decoding=\"async\" class=\"Image_image__11E9V Image_post-image__qnTn0\" src=\"https:\/\/cdn.amomama.com\/06a2e063f91bab666c6ecb85d194ae486c8cf28e7f08d883bf56fdfa39328f7e.png\" alt=\"A photo of Megan Thee Stallion, dated May 6, 2025 | Source: Instagram\/theestallion\" width=\"658\" height=\"1176\" \/><\/picture><\/div>\n<\/div>\n<p class=\"Image_title__T6_we\" data-testid=\"image-source\">A photo of Megan Thee Stallion, dated May 6, 2025 | Source: Instagram\/theestallion<\/p>\n<\/div>\n<\/div>\n<div>\n<p class=\"ContentRenderer_paragraph__B2z36\">Stallion&#8217;s surprise video from inside the Met Gala emerged during a landmark edition of the annual benefit event. Held on May 5, 2025, this year&#8217;s gala marked the launch of The Costume Institute&#8217;s spring exhibition, Superfine: Tailoring Black Style, hosted at The Met Fifth Avenue.<\/p>\n<\/div>\n<div>\n<div class=\"adv\">\n<div class=\"Ad-Container AdvInTextBuilder_slot-wrapper___Oz3G\">\n<div class=\"Ad-Container AdvSlots_adv-square-wrap__va0pf AdvSlots_adv-square-wrap__BxSU_\">\n<div class=\"AdvSlots_adv-square__246sC\" data-slot-type=\"1\" data-position=\"in_article_1\" data-code=\"\/21668216007\/d_amomama_intext_01\">\n<div id=\"in_article_1-0\" class=\"AdvSlots_slot__YAMh2\"><\/div>\n<\/div>\n<\/div>\n<\/div>\n<\/div>\n<\/div>\n<div>\n<p class=\"ContentRenderer_paragraph__B2z36\">The exhibition runs from May 10 through October 26, 2025, and focuses on the cultural, artistic, and political impact of Black fashion from the 18th century to the present.<\/p>\n<\/div>\n<div>\n<p class=\"ContentRenderer_paragraph__B2z36\">Organized by The Metropolitan Museum of Art, the gala and exhibition are made possible by Louis Vuitton, with major support from Instagram, the Hobson\/Lucas Family Foundation, Africa Fashion International, and The Perry Foundation, among others. Additional institutional support came from Cond\u00e9 Nast.<\/p>\n<\/div>\n<div>\n<div class=\"Image_wrapper__1NP9g\">\n<div class=\"Image_container__oHMMQ\">\n<div class=\"Image_ref__XcBnw\"><picture><source srcset=\"https:\/\/imgproxy.amomama.com\/NSZOZv127-KzJ79t1PnyvTybRONxrHX49tnntdnCYaQ\/rs:fill:375:0:1\/g:no\/aHR0cHM6Ly9jZG4uYW1vbWFtYS5jb20vOGRlYmY1YTI2YmRjYTBhZjMzM2I3NTU4ZTgxYzdlZjVkNmIxODZhMTVjMWI0N2UzNzliMTdjYTYzMjIzZmZmMS5qcGc_d2lkdGg9MjQwMCZoZWlnaHQ9MTYwMA.jpg 375w,https:\/\/imgproxy.amomama.com\/MQGiKiHnsHBck0upXC1tAO88qXPZP_IRIWTpPorqDP0\/rs:fill:576:0:1\/g:no\/aHR0cHM6Ly9jZG4uYW1vbWFtYS5jb20vOGRlYmY1YTI2YmRjYTBhZjMzM2I3NTU4ZTgxYzdlZjVkNmIxODZhMTVjMWI0N2UzNzliMTdjYTYzMjIzZmZmMS5qcGc_d2lkdGg9MjQwMCZoZWlnaHQ9MTYwMA.jpg 576w,https:\/\/imgproxy.amomama.com\/0R8HEYG3UJPvHGL8HDzKIQsJApbP4vjuPaGbSUyILWU\/rs:fill:768:0:1\/g:no\/aHR0cHM6Ly9jZG4uYW1vbWFtYS5jb20vOGRlYmY1YTI2YmRjYTBhZjMzM2I3NTU4ZTgxYzdlZjVkNmIxODZhMTVjMWI0N2UzNzliMTdjYTYzMjIzZmZmMS5qcGc_d2lkdGg9MjQwMCZoZWlnaHQ9MTYwMA.jpg 768w,https:\/\/imgproxy.amomama.com\/GiYW6jHoi_phO6G4284YJqXjbj5UhQHd_H42dnOKAZc\/rs:fill:992:0:1\/g:no\/aHR0cHM6Ly9jZG4uYW1vbWFtYS5jb20vOGRlYmY1YTI2YmRjYTBhZjMzM2I3NTU4ZTgxYzdlZjVkNmIxODZhMTVjMWI0N2UzNzliMTdjYTYzMjIzZmZmMS5qcGc_d2lkdGg9MjQwMCZoZWlnaHQ9MTYwMA.jpg 992w,https:\/\/imgproxy.amomama.com\/s654kMzwfLofP-dkkZUmkIVkxWbYRf4G5sn-S8vXv-c\/rs:fill:1200:0:1\/g:no\/aHR0cHM6Ly9jZG4uYW1vbWFtYS5jb20vOGRlYmY1YTI2YmRjYTBhZjMzM2I3NTU4ZTgxYzdlZjVkNmIxODZhMTVjMWI0N2UzNzliMTdjYTYzMjIzZmZmMS5qcGc_d2lkdGg9MjQwMCZoZWlnaHQ9MTYwMA.jpg 1200w\" type=\"image\/jpeg\" sizes=\"(max-width: 835px) 100vw, (max-width: 1279px) 830px, 830px\" \/><img loading=\"lazy\" decoding=\"async\" class=\"Image_image__11E9V Image_post-image__qnTn0\" src=\"https:\/\/cdn.amomama.com\/8debf5a26bdca0af333b7558e81c7ef5d6b186a15c1b47e379b17ca63223fff1.jpg\" alt=\"A view inside the venue for the Met Gala at the Metropolitan Museum of Art on May 5, 2025, in New York City | Source: Getty Images\" width=\"2400\" height=\"1600\" \/><\/picture><\/div>\n<\/div>\n<p class=\"Image_title__T6_we\" data-testid=\"image-source\">A view inside the venue for the Met Gala at the Metropolitan Museum of Art on May 5, 2025, in New York City | Source: Getty Images<\/p>\n<\/div>\n<\/div>\n<div>\n<p class=\"ContentRenderer_paragraph__B2z36\">This year&#8217;s gala reintroduced a Host Committee alongside its main co-chairs. The event was co-chaired by Colman Domingo, Lewis Hamilton, A$AP Rocky, Pharrell Williams, and\u00a0<a class=\"Link_link__PUK08 Link_link__kvrlb\" href=\"https:\/\/news.amomama.com\/456906-awkward-anna-wintour-appears-at-the-met.html\">Anna Wintour<\/a>, with LeBron James serving as the honorary chair.<\/p>\n<\/div>\n<div>\n<div class=\"adv\">\n<div class=\"Ad-Container AdvInTextBuilder_slot-wrapper___Oz3G\">\n<div class=\"AdvTitle_wrap__wIGWH\"><span class=\"AdvTitle_text__hRK31\">Advertisement<\/span><\/div>\n<div class=\"Ad-Container AdvSlots_adv-square-wrap__va0pf AdvSlots_adv-square-wrap__BxSU_\">\n<div class=\"AdvSlots_adv-square__246sC\" data-slot-type=\"1\" data-position=\"in_article_2\" data-code=\"\/21668216007\/d_amomama_intext_02\">\n<div id=\"in_article_2-1\" class=\"AdvSlots_slot__YAMh2\"><\/div>\n<\/div>\n<\/div>\n<\/div>\n<\/div>\n<\/div>\n<div>\n<div class=\"Image_wrapper__1NP9g Image_wrapper-vertical__PwZAR\">\n<div class=\"Image_container__oHMMQ\">\n<div class=\"Image_ref__XcBnw\"><picture><source srcset=\"https:\/\/imgproxy.amomama.com\/azdo8R_ariZJ8wmxAV2wgTzEvVAErabKSjh9zfp0RjI\/rs:fill:375:0:1\/g:no\/aHR0cHM6Ly9jZG4uYW1vbWFtYS5jb20vZTkzZWYxNmE0ZjQ2NTJkNjlhODZhZDkwMTEyNzE4NmYyN2FlMTg5ZTQzNWQxMzBlMTIzOGFlNTVkMzdmZDVkMC5qcGc_d2lkdGg9MjU1NCZoZWlnaHQ9MzgzMA.jpg 375w,https:\/\/imgproxy.amomama.com\/moJUfixmMpr3FfJO_vSZAay0e3ktYQIM9790I_iMbQk\/rs:fill:576:0:1\/g:no\/aHR0cHM6Ly9jZG4uYW1vbWFtYS5jb20vZTkzZWYxNmE0ZjQ2NTJkNjlhODZhZDkwMTEyNzE4NmYyN2FlMTg5ZTQzNWQxMzBlMTIzOGFlNTVkMzdmZDVkMC5qcGc_d2lkdGg9MjU1NCZoZWlnaHQ9MzgzMA.jpg 576w,https:\/\/imgproxy.amomama.com\/7SGvjk-pcptAt49ZsLU6igNXX87M_OpGlKdR4j8XqgI\/rs:fill:768:0:1\/g:no\/aHR0cHM6Ly9jZG4uYW1vbWFtYS5jb20vZTkzZWYxNmE0ZjQ2NTJkNjlhODZhZDkwMTEyNzE4NmYyN2FlMTg5ZTQzNWQxMzBlMTIzOGFlNTVkMzdmZDVkMC5qcGc_d2lkdGg9MjU1NCZoZWlnaHQ9MzgzMA.jpg 768w,https:\/\/imgproxy.amomama.com\/evYSRJhAT3CC7Q98td-hf1mWWSmMYVnur3J3rQ3q39w\/rs:fill:992:0:1\/g:no\/aHR0cHM6Ly9jZG4uYW1vbWFtYS5jb20vZTkzZWYxNmE0ZjQ2NTJkNjlhODZhZDkwMTEyNzE4NmYyN2FlMTg5ZTQzNWQxMzBlMTIzOGFlNTVkMzdmZDVkMC5qcGc_d2lkdGg9MjU1NCZoZWlnaHQ9MzgzMA.jpg 992w,https:\/\/imgproxy.amomama.com\/xtnmQOo11nkWTHcSZ7L2uBoGhEw06TSWhudBMfCkk6Y\/rs:fill:1200:0:1\/g:no\/aHR0cHM6Ly9jZG4uYW1vbWFtYS5jb20vZTkzZWYxNmE0ZjQ2NTJkNjlhODZhZDkwMTEyNzE4NmYyN2FlMTg5ZTQzNWQxMzBlMTIzOGFlNTVkMzdmZDVkMC5qcGc_d2lkdGg9MjU1NCZoZWlnaHQ9MzgzMA.jpg 1200w\" type=\"image\/jpeg\" sizes=\"(max-width: 835px) 100vw, (max-width: 1279px) 581px, 581px\" \/><img loading=\"lazy\" decoding=\"async\" class=\"Image_image__11E9V Image_post-image__qnTn0\" src=\"https:\/\/cdn.amomama.com\/e93ef16a4f4652d69a86ad901127186f27ae189e435d130e1238ae55d37fd5d0.jpg\" alt=\"Anna Wintour attends the Met Gala at the Metropolitan Museum of Art on May 5, 2025, in New York City | Source: Getty Images\" width=\"2554\" height=\"3830\" \/><\/picture><\/div>\n<\/div>\n<p class=\"Image_title__T6_we\" data-testid=\"image-source\">Anna Wintour attends the Met Gala at the Metropolitan Museum of Art on May 5, 2025, in New York City | Source: Getty Images<\/p>\n<\/div>\n<\/div>\n<div>\n<p class=\"ContentRenderer_paragraph__B2z36\">The Host Committee was composed of cultural figures across disciplines, including Usher, Sha&#8217;Carri Richardson, Angel Reese, Doechii,\u00a0<a class=\"Link_link__PUK08 Link_link__kvrlb\" href=\"https:\/\/news.amomama.com\/456764-simone-biles-attends-the-2025-met-gala.html\">Simone Biles<\/a>, Andr\u00e9 3000, Regina King, Tyler Mitchell, and many more.<\/p>\n<\/div>\n<div>\n<p class=\"ContentRenderer_paragraph__B2z36\">The exhibition, Superfine: Tailoring Black Style, provides a detailed cultural and historical examination of Black sartorial expression through the lens of dandyism \u2014 a fashion philosophy blending self-expression, rebellion, and elegance.<\/p>\n<\/div>\n<div>\n<div class=\"Image_wrapper__1NP9g Image_wrapper-vertical__PwZAR\">\n<div class=\"Image_container__oHMMQ\">\n<div class=\"Image_ref__XcBnw\"><picture><source srcset=\"https:\/\/imgproxy.amomama.com\/3JIkPQspsjx_WPh_xfRrR9sN0ljRUqe44u19EDj5ZT4\/rs:fill:375:0:1\/g:no\/aHR0cHM6Ly9jZG4uYW1vbWFtYS5jb20vMWZiMTYwNzIxNTgyYzJkNWE3MjM4ZGY2MTA2ZjFiYTRmOWViMDE5OTczYjFiODhjMzFhMmZlNDZkZmZlNDU2YS5qcGc_d2lkdGg9MzMzMyZoZWlnaHQ9NTAwMA.jpg 375w,https:\/\/imgproxy.amomama.com\/_mX6_r3rnQkXw5qh4U17bOzqmj6vuWUBuJJmb0-LPjs\/rs:fill:576:0:1\/g:no\/aHR0cHM6Ly9jZG4uYW1vbWFtYS5jb20vMWZiMTYwNzIxNTgyYzJkNWE3MjM4ZGY2MTA2ZjFiYTRmOWViMDE5OTczYjFiODhjMzFhMmZlNDZkZmZlNDU2YS5qcGc_d2lkdGg9MzMzMyZoZWlnaHQ9NTAwMA.jpg 576w,https:\/\/imgproxy.amomama.com\/Xws9Gjv_pYDmvBZThHeex9Qjk83I6oT1zjO4Y2qwnD8\/rs:fill:768:0:1\/g:no\/aHR0cHM6Ly9jZG4uYW1vbWFtYS5jb20vMWZiMTYwNzIxNTgyYzJkNWE3MjM4ZGY2MTA2ZjFiYTRmOWViMDE5OTczYjFiODhjMzFhMmZlNDZkZmZlNDU2YS5qcGc_d2lkdGg9MzMzMyZoZWlnaHQ9NTAwMA.jpg 768w,https:\/\/imgproxy.amomama.com\/HZ6lpuYN1JRN42P5zRYkP3lU3kvi2vMem_G8KHeQF3Y\/rs:fill:992:0:1\/g:no\/aHR0cHM6Ly9jZG4uYW1vbWFtYS5jb20vMWZiMTYwNzIxNTgyYzJkNWE3MjM4ZGY2MTA2ZjFiYTRmOWViMDE5OTczYjFiODhjMzFhMmZlNDZkZmZlNDU2YS5qcGc_d2lkdGg9MzMzMyZoZWlnaHQ9NTAwMA.jpg 992w,https:\/\/imgproxy.amomama.com\/JE-5v3qrhKDSpwRbPU4-jxQzRixY_xm4luaM4BGyz5k\/rs:fill:1200:0:1\/g:no\/aHR0cHM6Ly9jZG4uYW1vbWFtYS5jb20vMWZiMTYwNzIxNTgyYzJkNWE3MjM4ZGY2MTA2ZjFiYTRmOWViMDE5OTczYjFiODhjMzFhMmZlNDZkZmZlNDU2YS5qcGc_d2lkdGg9MzMzMyZoZWlnaHQ9NTAwMA.jpg 1200w\" type=\"image\/jpeg\" sizes=\"(max-width: 835px) 99.99vw, (max-width: 1279px) 581px, 581px\" \/><img loading=\"lazy\" decoding=\"async\" class=\"Image_image__11E9V Image_post-image__qnTn0\" src=\"https:\/\/cdn.amomama.com\/1fb160721582c2d5a7238df6106f1ba4f9eb019973b1b88c31a2fe46dffe456a.jpg\" alt=\"Simone Biles attends the Met Gala at the Metropolitan Museum of Art on May 5, 2025, in New York City | Source: Getty Images\" width=\"3333\" height=\"5000\" \/><\/picture><\/div>\n<\/div>\n<p class=\"Image_title__T6_we\" data-testid=\"image-source\">Simone Biles attends the Met Gala at the Metropolitan Museum of Art on May 5, 2025, in New York City | Source: Getty Images<\/p>\n<\/div>\n<\/div>\n<div>\n<div class=\"adv\">\n<div class=\"Ad-Container AdvInTextBuilder_slot-wrapper___Oz3G\">\n<div class=\"AdvTitle_wrap__wIGWH\"><span class=\"AdvTitle_text__hRK31\">Advertisement<\/span><\/div>\n<div class=\"Ad-Container AdvSlots_adv-square-wrap__va0pf AdvSlots_adv-square-wrap__BxSU_\">\n<div class=\"AdvSlots_adv-square__246sC\" data-slot-type=\"1\" data-position=\"in_article_3\" data-code=\"\/21668216007\/d_amomama_intext_03\">\n<div id=\"in_article_3-2\" class=\"AdvSlots_slot__YAMh2\"><\/div>\n<\/div>\n<\/div>\n<\/div>\n<\/div>\n<\/div>\n<div>\n<p class=\"ContentRenderer_paragraph__B2z36\">The display explores how Black communities have used tailoring, textiles, and silhouette to challenge stereotypes, assert identity, and reshape mainstream fashion narratives.<\/p>\n<\/div>\n<div>\n<p class=\"ContentRenderer_paragraph__B2z36\">Artist Torkwase Dyson\u00a0<a class=\"Link_link__PUK08 Link_link__kvrlb\" href=\"https:\/\/www.metmuseum.org\/press-releases\/ci-2025-exhibition-gala-details\" target=\"_blank\" rel=\"noopener noreferrer\" aria-label=\"https:\/\/www.metmuseum.org\/press-releases\/ci-2025-exhibition-gala-details\">created a series of<\/a>\u00a0monumental structures or &#8220;architectural zones,&#8221;\u00a0<a class=\"Link_link__PUK08 Link_link__kvrlb\" href=\"https:\/\/www.metmuseum.org\/press-releases\/ci-2025-exhibition-gala-details\" target=\"_blank\" rel=\"noopener noreferrer\" aria-label=\"https:\/\/www.metmuseum.org\/press-releases\/ci-2025-exhibition-gala-details\">using her signature<\/a>\u00a0&#8220;hypershapes&#8221; to frame themes such as theatricality, reflection, scale, liberation, and transcendence. These structures allow visitors to interact with the deeper meanings of Black style across time.<\/p>\n<\/div>\n<div>\n<div class=\"Image_wrapper__1NP9g Image_wrapper-vertical__PwZAR\">\n<div class=\"Image_container__oHMMQ\">\n<div class=\"Image_ref__XcBnw\"><picture><source srcset=\"https:\/\/imgproxy.amomama.com\/Cv09frYvAnXKrCqiGScGXWsx0vxxYqcm90ssF_-ApSA\/rs:fill:375:0:1\/g:no\/aHR0cHM6Ly9jZG4uYW1vbWFtYS5jb20vMmVmMTIxNTAyZjcwZDI4YjUzZmY5MjQ4NmUxOGE4NzY3ZWNjYWI2NzExMDlmZjEwY2NlZTY3NTAyYzQ1YWExMC5qcGc_d2lkdGg9MzkyOSZoZWlnaHQ9NTg3OA.jpg 375w,https:\/\/imgproxy.amomama.com\/i7P6zSMBjjC35ZnFL3xhSit7wirJv67CCGft0vyM4Nw\/rs:fill:576:0:1\/g:no\/aHR0cHM6Ly9jZG4uYW1vbWFtYS5jb20vMmVmMTIxNTAyZjcwZDI4YjUzZmY5MjQ4NmUxOGE4NzY3ZWNjYWI2NzExMDlmZjEwY2NlZTY3NTAyYzQ1YWExMC5qcGc_d2lkdGg9MzkyOSZoZWlnaHQ9NTg3OA.jpg 576w,https:\/\/imgproxy.amomama.com\/tN8kDIGm4MKPg7nwzEq_Z1IgeCVfmt-WZmhZz9-Jmb0\/rs:fill:768:0:1\/g:no\/aHR0cHM6Ly9jZG4uYW1vbWFtYS5jb20vMmVmMTIxNTAyZjcwZDI4YjUzZmY5MjQ4NmUxOGE4NzY3ZWNjYWI2NzExMDlmZjEwY2NlZTY3NTAyYzQ1YWExMC5qcGc_d2lkdGg9MzkyOSZoZWlnaHQ9NTg3OA.jpg 768w,https:\/\/imgproxy.amomama.com\/kFdjZTYttvKQKF-rf8FKKHZnA17Vee5CBCjMQ82xjUA\/rs:fill:992:0:1\/g:no\/aHR0cHM6Ly9jZG4uYW1vbWFtYS5jb20vMmVmMTIxNTAyZjcwZDI4YjUzZmY5MjQ4NmUxOGE4NzY3ZWNjYWI2NzExMDlmZjEwY2NlZTY3NTAyYzQ1YWExMC5qcGc_d2lkdGg9MzkyOSZoZWlnaHQ9NTg3OA.jpg 992w,https:\/\/imgproxy.amomama.com\/3LptYouZO9VF3LXtSHYuaaUrHZoITyqJd_X-rkb_MNo\/rs:fill:1200:0:1\/g:no\/aHR0cHM6Ly9jZG4uYW1vbWFtYS5jb20vMmVmMTIxNTAyZjcwZDI4YjUzZmY5MjQ4NmUxOGE4NzY3ZWNjYWI2NzExMDlmZjEwY2NlZTY3NTAyYzQ1YWExMC5qcGc_d2lkdGg9MzkyOSZoZWlnaHQ9NTg3OA.jpg 1200w\" type=\"image\/jpeg\" sizes=\"(max-width: 835px) 100vw, (max-width: 1279px) 581px, 581px\" \/><img loading=\"lazy\" decoding=\"async\" class=\"Image_image__11E9V Image_post-image__qnTn0\" src=\"https:\/\/cdn.amomama.com\/2ef121502f70d28b53ff92486e18a8767eccab671109ff10ccee67502c45aa10.jpg\" alt=\"Torkwase Dyson attends the Met Gala at the Metropolitan Museum of Art on May 5, 2025, in New York City | Source: Getty Images\" width=\"3929\" height=\"5878\" \/><\/picture><\/div>\n<\/div>\n<p class=\"Image_title__T6_we\" data-testid=\"image-source\">Torkwase Dyson attends the Met Gala at the Metropolitan Museum of Art on May 5, 2025, in New York City | Source: Getty Images<\/p>\n<\/div>\n<\/div>\n<div>\n<p class=\"ContentRenderer_paragraph__B2z36\">Sculptor Tanda Francis contributed two large bronze-inspired mannequin heads, one of which features multiple silhouetted profiles emerging from a central form.<\/p>\n<\/div>\n<div>\n<p class=\"ContentRenderer_paragraph__B2z36\">This piece draws inspiration from Andr\u00e9 Grenard Matswa, a Congolese revolutionary seen as a precursor to the Sapeur movement \u2014 a subculture that uses flamboyant fashion to assert individuality and resistance. Francis\u00a0<a class=\"Link_link__PUK08 Link_link__kvrlb\" href=\"https:\/\/www.metmuseum.org\/press-releases\/ci-2025-exhibition-gala-details\" target=\"_blank\" rel=\"noopener noreferrer\" aria-label=\"https:\/\/www.metmuseum.org\/press-releases\/ci-2025-exhibition-gala-details\">described the piece<\/a>\u00a0as a tribute to &#8220;protective styles&#8221; within the African diaspora.<\/p>\n<\/div>\n<div>\n<div class=\"adv\">\n<div class=\"Ad-Container AdvInTextBuilder_slot-wrapper___Oz3G\">\n<div class=\"AdvTitle_wrap__wIGWH\"><span class=\"AdvTitle_text__hRK31\">Advertisement<\/span><\/div>\n<div class=\"Ad-Container AdvSlots_adv-square-wrap__va0pf AdvSlots_adv-square-wrap__BxSU_\">\n<div class=\"AdvSlots_adv-square__246sC\" data-slot-type=\"1\" data-position=\"in_article_4\" data-code=\"\/21668216007\/d_amomama_intext_04\">\n<div id=\"in_article_4-3\" class=\"AdvSlots_slot__YAMh2\"><\/div>\n<\/div>\n<\/div>\n<\/div>\n<\/div>\n<\/div>\n<div>\n<div class=\"Image_wrapper__1NP9g Image_wrapper-vertical__PwZAR\">\n<div class=\"Image_container__oHMMQ\">\n<div class=\"Image_ref__XcBnw\"><picture><source srcset=\"https:\/\/imgproxy.amomama.com\/-fG8uJtAkSIn0SFX_K3BLDmf9xb1JnyBQNebMfOA5YY\/rs:fill:375:0:1\/g:no\/aHR0cHM6Ly9jZG4uYW1vbWFtYS5jb20vYjdmZDk2ZDMwNTNlNzlhYWZlYTUyYWViYTk4NjlmYWFlNTU3ZDMzMzI3ZWY2YWE3MzM0ZTk3NzczMTQzZTE1Ni5qcGc_d2lkdGg9MzMzNCZoZWlnaHQ9NTAwMA.jpg 375w,https:\/\/imgproxy.amomama.com\/vaRn0I5lkVNuJCJjId0ALxXGdp28RQ38JCzaBVHiQzs\/rs:fill:576:0:1\/g:no\/aHR0cHM6Ly9jZG4uYW1vbWFtYS5jb20vYjdmZDk2ZDMwNTNlNzlhYWZlYTUyYWViYTk4NjlmYWFlNTU3ZDMzMzI3ZWY2YWE3MzM0ZTk3NzczMTQzZTE1Ni5qcGc_d2lkdGg9MzMzNCZoZWlnaHQ9NTAwMA.jpg 576w,https:\/\/imgproxy.amomama.com\/eOTsVD56pnUTi-t4JIunvJXNNfZ9fRlew2q-PI9-IMM\/rs:fill:768:0:1\/g:no\/aHR0cHM6Ly9jZG4uYW1vbWFtYS5jb20vYjdmZDk2ZDMwNTNlNzlhYWZlYTUyYWViYTk4NjlmYWFlNTU3ZDMzMzI3ZWY2YWE3MzM0ZTk3NzczMTQzZTE1Ni5qcGc_d2lkdGg9MzMzNCZoZWlnaHQ9NTAwMA.jpg 768w,https:\/\/imgproxy.amomama.com\/oT0NDxnVGmy7zpfg92p9zSzlKS2G5Q_spu5ashiNzMc\/rs:fill:992:0:1\/g:no\/aHR0cHM6Ly9jZG4uYW1vbWFtYS5jb20vYjdmZDk2ZDMwNTNlNzlhYWZlYTUyYWViYTk4NjlmYWFlNTU3ZDMzMzI3ZWY2YWE3MzM0ZTk3NzczMTQzZTE1Ni5qcGc_d2lkdGg9MzMzNCZoZWlnaHQ9NTAwMA.jpg 992w,https:\/\/imgproxy.amomama.com\/bUcvigiw2mrD1arbzT0BS1Tr-mjmQiX2QDLex7_6xkE\/rs:fill:1200:0:1\/g:no\/aHR0cHM6Ly9jZG4uYW1vbWFtYS5jb20vYjdmZDk2ZDMwNTNlNzlhYWZlYTUyYWViYTk4NjlmYWFlNTU3ZDMzMzI3ZWY2YWE3MzM0ZTk3NzczMTQzZTE1Ni5qcGc_d2lkdGg9MzMzNCZoZWlnaHQ9NTAwMA.jpg 1200w\" type=\"image\/jpeg\" sizes=\"(max-width: 835px) 100vw, (max-width: 1279px) 581px, 581px\" \/><img loading=\"lazy\" decoding=\"async\" class=\"Image_image__11E9V Image_post-image__qnTn0\" src=\"https:\/\/cdn.amomama.com\/b7fd96d3053e79aafea52aeba9869faae557d33327ef6aa7334e97773143e156.jpg\" alt=\"Tanda Francis attends the Met Gala at the Metropolitan Museum of Art on May 5, 2025, in New York City | Source: Getty Images\" width=\"3334\" height=\"5000\" \/><\/picture><\/div>\n<\/div>\n<p class=\"Image_title__T6_we\" data-testid=\"image-source\">Tanda Francis attends the Met Gala at the Metropolitan Museum of Art on May 5, 2025, in New York City | Source: Getty Images<\/p>\n<\/div>\n<\/div>\n<div>\n<p class=\"ContentRenderer_paragraph__B2z36\">Curator and artist Ik\u00e9 Ud\u00e9 added a dedicated section to the exhibition exploring his own body of work, alongside the life and influence of Julius Soubise, an 18th-century Black dandy known for his unique fashion and defiance of societal expectations in London.<\/p>\n<\/div>\n<div>\n<p class=\"ContentRenderer_paragraph__B2z36\">Photographer Tyler Mitchell contributed imagery for the exhibition catalogue, including dynamic object photography and a visual essay capturing the bond and shared fashion sense of Black men across generations.<\/p>\n<\/div>\n<div>\n<div class=\"Image_wrapper__1NP9g Image_wrapper-vertical__PwZAR\">\n<div class=\"Image_container__oHMMQ\">\n<div class=\"Image_ref__XcBnw\"><picture><source srcset=\"https:\/\/imgproxy.amomama.com\/-1oYmvNNB4S62eVU5puOMs8F2o5dceIx6IZ68CP3GiM\/rs:fill:375:0:1\/g:no\/aHR0cHM6Ly9jZG4uYW1vbWFtYS5jb20vYjdhY2ZjNzQ2YzlhYWMwYmIyMTVmYmI1OGY0ZWFjMzRmMDJkYWYyZTU1MzU4OTRhNzgwZDNhMTVkY2FkYjA1ZS5qcGc_d2lkdGg9MzMzMyZoZWlnaHQ9NTAwMA.jpg 375w,https:\/\/imgproxy.amomama.com\/AX2kikLOksIHZi1o3EbZNSnoEwIkMqbvx3er09dtk1M\/rs:fill:576:0:1\/g:no\/aHR0cHM6Ly9jZG4uYW1vbWFtYS5jb20vYjdhY2ZjNzQ2YzlhYWMwYmIyMTVmYmI1OGY0ZWFjMzRmMDJkYWYyZTU1MzU4OTRhNzgwZDNhMTVkY2FkYjA1ZS5qcGc_d2lkdGg9MzMzMyZoZWlnaHQ9NTAwMA.jpg 576w,https:\/\/imgproxy.amomama.com\/qxayXaD-nR4KSxUGdashL3mKaNCLkKaZGBY1Hij3i2o\/rs:fill:768:0:1\/g:no\/aHR0cHM6Ly9jZG4uYW1vbWFtYS5jb20vYjdhY2ZjNzQ2YzlhYWMwYmIyMTVmYmI1OGY0ZWFjMzRmMDJkYWYyZTU1MzU4OTRhNzgwZDNhMTVkY2FkYjA1ZS5qcGc_d2lkdGg9MzMzMyZoZWlnaHQ9NTAwMA.jpg 768w,https:\/\/imgproxy.amomama.com\/_Z_p0nQMOLT9FI4McMLFO2FrBBRfFefOC7KUTs9aPVU\/rs:fill:992:0:1\/g:no\/aHR0cHM6Ly9jZG4uYW1vbWFtYS5jb20vYjdhY2ZjNzQ2YzlhYWMwYmIyMTVmYmI1OGY0ZWFjMzRmMDJkYWYyZTU1MzU4OTRhNzgwZDNhMTVkY2FkYjA1ZS5qcGc_d2lkdGg9MzMzMyZoZWlnaHQ9NTAwMA.jpg 992w,https:\/\/imgproxy.amomama.com\/QOlIhjKicAugLZ6pqc0wScEcpivtXgw0rQYtv0zo7bo\/rs:fill:1200:0:1\/g:no\/aHR0cHM6Ly9jZG4uYW1vbWFtYS5jb20vYjdhY2ZjNzQ2YzlhYWMwYmIyMTVmYmI1OGY0ZWFjMzRmMDJkYWYyZTU1MzU4OTRhNzgwZDNhMTVkY2FkYjA1ZS5qcGc_d2lkdGg9MzMzMyZoZWlnaHQ9NTAwMA.jpg 1200w\" type=\"image\/jpeg\" sizes=\"(max-width: 835px) 99.99vw, (max-width: 1279px) 581px, 581px\" \/><img loading=\"lazy\" decoding=\"async\" class=\"Image_image__11E9V Image_post-image__qnTn0\" src=\"https:\/\/cdn.amomama.com\/b7acfc746c9aac0bb215fbb58f4eac34f02daf2e5535894a780d3a15dcadb05e.jpg\" alt=\"Tyler Mitchell attends the Met Gala at the Metropolitan Museum of Art on May 5, 2025, in New York City. | Source: Getty Images\" width=\"3333\" height=\"5000\" \/><\/picture><\/div>\n<\/div>\n<p class=\"Image_title__T6_we\" data-testid=\"image-source\">Tyler Mitchell attends the Met Gala at the Metropolitan Museum of Art on May 5, 2025, in New York City. | Source: Getty Images<\/p>\n<\/div>\n<\/div>\n<div>\n<div class=\"adv\">\n<div class=\"Ad-Container AdvInTextBuilder_slot-wrapper___Oz3G\">\n<div class=\"AdvTitle_wrap__wIGWH\"><span class=\"AdvTitle_text__hRK31\">Advertisement<\/span><\/div>\n<div class=\"Ad-Container AdvSlots_adv-square-wrap__va0pf AdvSlots_adv-square-wrap__BxSU_\">\n<div class=\"AdvSlots_adv-square__246sC\" data-slot-type=\"1\" data-position=\"in_article_1\" data-code=\"\/21668216007\/d_amomama_intext_01\">\n<div id=\"in_article_1-4\" class=\"AdvSlots_slot__YAMh2\"><\/div>\n<\/div>\n<\/div>\n<\/div>\n<\/div>\n<\/div>\n<div>\n<p class=\"ContentRenderer_paragraph__B2z36\">Chef Kwame Onwuachi, who designed the gala menu, expressed his excitement about blending culinary creativity with the exhibition theme. &#8220;Being a part of such an iconic New York institution for the most celebrated, star-studded night of the year is like a professional dream come true,&#8221; he\u00a0<a class=\"Link_link__PUK08 Link_link__kvrlb\" href=\"https:\/\/www.metmuseum.org\/press-releases\/ci-2025-exhibition-gala-details\" target=\"_blank\" rel=\"noopener noreferrer\" aria-label=\"https:\/\/www.metmuseum.org\/press-releases\/ci-2025-exhibition-gala-details\">said<\/a>.<\/p>\n<\/div>\n<div>\n<p class=\"ContentRenderer_paragraph__B2z36\">The red carpet and overall event d\u00e9cor were shaped by Cy Gavin as creative director, with additional design contributions by Derek McLane and Ra\u00fal \u00c0vila.<\/p>\n<\/div>\n<div>\n<div class=\"Image_wrapper__1NP9g Image_wrapper-vertical__PwZAR\">\n<div class=\"Image_container__oHMMQ\">\n<div class=\"Image_ref__XcBnw\"><picture><source srcset=\"https:\/\/imgproxy.amomama.com\/EFlaxiDcxaKt3LFYhSYEjrJiQerdlvau8Z7BoBI-8yw\/rs:fill:375:0:1\/g:no\/aHR0cHM6Ly9jZG4uYW1vbWFtYS5jb20vZDU2OTBiNzAzOWZjZTNkYWNhNzdkYWVlNGJhYTAzNjIzMTU4MjA0MjhiZjI2Y2RjNTIyMTk0MDM3MTUyNjRlYS5qcGc_d2lkdGg9MzMzMyZoZWlnaHQ9NTAwMA.jpg 375w,https:\/\/imgproxy.amomama.com\/PlDnOieCxHLe4WV3sS2ErwTHQJ3wZYCQJEJ6SuKvBzM\/rs:fill:576:0:1\/g:no\/aHR0cHM6Ly9jZG4uYW1vbWFtYS5jb20vZDU2OTBiNzAzOWZjZTNkYWNhNzdkYWVlNGJhYTAzNjIzMTU4MjA0MjhiZjI2Y2RjNTIyMTk0MDM3MTUyNjRlYS5qcGc_d2lkdGg9MzMzMyZoZWlnaHQ9NTAwMA.jpg 576w,https:\/\/imgproxy.amomama.com\/arhP7Fg9lJvsF0zbIRfMPwa0e8JiUN0Pf7tP5bkKdrg\/rs:fill:768:0:1\/g:no\/aHR0cHM6Ly9jZG4uYW1vbWFtYS5jb20vZDU2OTBiNzAzOWZjZTNkYWNhNzdkYWVlNGJhYTAzNjIzMTU4MjA0MjhiZjI2Y2RjNTIyMTk0MDM3MTUyNjRlYS5qcGc_d2lkdGg9MzMzMyZoZWlnaHQ9NTAwMA.jpg 768w,https:\/\/imgproxy.amomama.com\/xn6ixIeeYp5PBNaxxtxtvM-KmuK_4h6l6qO09rUvrZA\/rs:fill:992:0:1\/g:no\/aHR0cHM6Ly9jZG4uYW1vbWFtYS5jb20vZDU2OTBiNzAzOWZjZTNkYWNhNzdkYWVlNGJhYTAzNjIzMTU4MjA0MjhiZjI2Y2RjNTIyMTk0MDM3MTUyNjRlYS5qcGc_d2lkdGg9MzMzMyZoZWlnaHQ9NTAwMA.jpg 992w,https:\/\/imgproxy.amomama.com\/KE1k-9OKHCAy0lol2eSu6c1FLii6uGZs6io3E0CzpoQ\/rs:fill:1200:0:1\/g:no\/aHR0cHM6Ly9jZG4uYW1vbWFtYS5jb20vZDU2OTBiNzAzOWZjZTNkYWNhNzdkYWVlNGJhYTAzNjIzMTU4MjA0MjhiZjI2Y2RjNTIyMTk0MDM3MTUyNjRlYS5qcGc_d2lkdGg9MzMzMyZoZWlnaHQ9NTAwMA.jpg 1200w\" type=\"image\/jpeg\" sizes=\"(max-width: 835px) 99.99vw, (max-width: 1279px) 581px, 581px\" \/><img loading=\"lazy\" decoding=\"async\" class=\"Image_image__11E9V Image_post-image__qnTn0\" src=\"https:\/\/cdn.amomama.com\/d5690b7039fce3daca77daee4baa0362315820428bf26cdc52219403715264ea.jpg\" alt=\"Kwame Onwuachi attends the Met Gala at the Metropolitan Museum of Art on May 5, 2025, in New York City | Source: Getty Images\" width=\"3333\" height=\"5000\" \/><\/picture><\/div>\n<\/div>\n<p class=\"Image_title__T6_we\" data-testid=\"image-source\">Kwame Onwuachi attends the Met Gala at the Metropolitan Museum of Art on May 5, 2025, in New York City | Source: Getty Images<\/p>\n<\/div>\n<\/div>\n<div>\n<div><\/div>\n<\/div>\n<div>\n<p class=\"ContentRenderer_paragraph__B2z36\">The dress code,\u00a0<a class=\"Link_link__PUK08 Link_link__kvrlb\" href=\"https:\/\/www.metmuseum.org\/press-releases\/ci-2025-exhibition-gala-details\" target=\"_blank\" rel=\"noopener noreferrer\" aria-label=\"https:\/\/www.metmuseum.org\/press-releases\/ci-2025-exhibition-gala-details\">titled<\/a>\u00a0&#8220;Tailored for You,&#8221; encouraged attendees to interpret the theme with personal flair, focusing on suits, fabrics, accessories, and styles influenced by Black tailoring traditions.<\/p>\n<\/div>\n<div>\n<p class=\"ContentRenderer_paragraph__B2z36\">Max Hollein, The Met&#8217;s Marina Kellen French Director and CEO,\u00a0<a class=\"Link_link__PUK08 Link_link__kvrlb\" href=\"https:\/\/www.metmuseum.org\/press-releases\/ci-2025-exhibition-gala-details\" target=\"_blank\" rel=\"noopener noreferrer\" aria-label=\"https:\/\/www.metmuseum.org\/press-releases\/ci-2025-exhibition-gala-details\">described the gala<\/a>\u00a0as a &#8220;celebration of art and fashion&#8221; that highlights the lasting contributions of Black creativity to global culture.<\/p>\n<\/div>\n<div>\n<div class=\"adv\">\n<div class=\"Ad-Container AdvInTextBuilder_slot-wrapper___Oz3G\">\n<div class=\"AdvTitle_wrap__wIGWH\"><span class=\"AdvTitle_text__hRK31\">Advertisement<\/span><\/div>\n<div class=\"Ad-Container AdvSlots_adv-square-wrap__va0pf AdvSlots_adv-square-wrap__BxSU_\">\n<div class=\"AdvSlots_adv-square__246sC\" data-slot-type=\"1\" data-position=\"in_article_2\" data-code=\"\/21668216007\/d_amomama_intext_02\">\n<div id=\"in_article_2-5\" class=\"AdvSlots_slot__YAMh2\"><\/div>\n<\/div>\n<\/div>\n<\/div>\n<\/div>\n<\/div>\n<div>\n<div class=\"Image_wrapper__1NP9g\">\n<div class=\"Image_container__oHMMQ\">\n<div class=\"Image_ref__XcBnw\"><picture><source srcset=\"https:\/\/imgproxy.amomama.com\/5D5bUc0b5v_mvKQtI37HtfPu_vDkjP-PCImtSZGmRPM\/rs:fill:375:0:1\/g:no\/aHR0cHM6Ly9jZG4uYW1vbWFtYS5jb20vNDYwN2E0ODU2MDE5YWQwZDk0MDExODI5OTRlNGMyNTI0NWNiMzM0ZDZkMmViY2RhODg4NTZlMDhiMWMxYTAwNy5qcGc_d2lkdGg9MzYwMCZoZWlnaHQ9MjQwMA.jpg 375w,https:\/\/imgproxy.amomama.com\/vPOL1lfxzGnO-oZKLzdXJkXJ4Kchx9njnrK5mc1uMuc\/rs:fill:576:0:1\/g:no\/aHR0cHM6Ly9jZG4uYW1vbWFtYS5jb20vNDYwN2E0ODU2MDE5YWQwZDk0MDExODI5OTRlNGMyNTI0NWNiMzM0ZDZkMmViY2RhODg4NTZlMDhiMWMxYTAwNy5qcGc_d2lkdGg9MzYwMCZoZWlnaHQ9MjQwMA.jpg 576w,https:\/\/imgproxy.amomama.com\/lVfpPDzDpwFz1axqr_e6tbuJPDvyi34ROdyUS94hbRg\/rs:fill:768:0:1\/g:no\/aHR0cHM6Ly9jZG4uYW1vbWFtYS5jb20vNDYwN2E0ODU2MDE5YWQwZDk0MDExODI5OTRlNGMyNTI0NWNiMzM0ZDZkMmViY2RhODg4NTZlMDhiMWMxYTAwNy5qcGc_d2lkdGg9MzYwMCZoZWlnaHQ9MjQwMA.jpg 768w,https:\/\/imgproxy.amomama.com\/l-D-ptd8ZlKZPifduW9k4OGutyg1scR2vcUct3xPy9A\/rs:fill:992:0:1\/g:no\/aHR0cHM6Ly9jZG4uYW1vbWFtYS5jb20vNDYwN2E0ODU2MDE5YWQwZDk0MDExODI5OTRlNGMyNTI0NWNiMzM0ZDZkMmViY2RhODg4NTZlMDhiMWMxYTAwNy5qcGc_d2lkdGg9MzYwMCZoZWlnaHQ9MjQwMA.jpg 992w,https:\/\/imgproxy.amomama.com\/6VXaWHqTqcDXIm5uHE7a0Bw-D8XHF61Pr-7Y8-ZLgkk\/rs:fill:1200:0:1\/g:no\/aHR0cHM6Ly9jZG4uYW1vbWFtYS5jb20vNDYwN2E0ODU2MDE5YWQwZDk0MDExODI5OTRlNGMyNTI0NWNiMzM0ZDZkMmViY2RhODg4NTZlMDhiMWMxYTAwNy5qcGc_d2lkdGg9MzYwMCZoZWlnaHQ9MjQwMA.jpg 1200w\" type=\"image\/jpeg\" sizes=\"(max-width: 835px) 100vw, (max-width: 1279px) 830px, 830px\" \/><img loading=\"lazy\" decoding=\"async\" class=\"Image_image__11E9V Image_post-image__qnTn0\" src=\"https:\/\/cdn.amomama.com\/4607a4856019ad0d9401182994e4c25245cb334d6d2ebcda88856e08b1c1a007.jpg\" alt=\"Max and Nina Hollein attend the Costume Institute Benefit, at the Metropolitan Museum of Art on May 5, 2025, in New York City | Source: Getty Images\" width=\"3600\" height=\"2400\" \/><\/picture><\/div>\n<\/div>\n<p class=\"Image_title__T6_we\" data-testid=\"image-source\">Max and Nina Hollein attend the Costume Institute Benefit, at the Metropolitan Museum of Art on May 5, 2025, in New York City | Source: Getty Images<\/p>\n<\/div>\n<\/div>\n<div>\n<p class=\"ContentRenderer_paragraph__B2z36\">&#8220;This spring&#8217;s event will mark the opening of the exhibition Superfine: Tailoring Black Style, a profoundly scholarly show centering an important legacy of Black-led sartorial innovation and creative expression that continues to inspire and shape our world today,&#8221; he\u00a0<a class=\"Link_link__PUK08 Link_link__kvrlb\" href=\"https:\/\/www.metmuseum.org\/press-releases\/ci-2025-exhibition-gala-details\" target=\"_blank\" rel=\"noopener noreferrer\" aria-label=\"https:\/\/www.metmuseum.org\/press-releases\/ci-2025-exhibition-gala-details\">stated<\/a>.<\/p>\n<\/div>\n<div>\n<p class=\"ContentRenderer_paragraph__B2z36\">Statements from members of the Host Committee reinforced this theme. Richardson\u00a0<a class=\"Link_link__PUK08 Link_link__kvrlb\" href=\"https:\/\/www.metmuseum.org\/press-releases\/ci-2025-exhibition-gala-details\" target=\"_blank\" rel=\"noopener noreferrer\" aria-label=\"https:\/\/www.metmuseum.org\/press-releases\/ci-2025-exhibition-gala-details\">emphasized<\/a>, &#8220;Our style isn&#8217;t just what we wear\u2014it&#8217;s how we move, how we own our space, how we tell our story without saying a word.&#8221;<\/p>\n<\/div>\n<div>\n<div class=\"Image_wrapper__1NP9g Image_wrapper-vertical__PwZAR\">\n<div class=\"Image_container__oHMMQ\">\n<div class=\"Image_ref__XcBnw\"><picture><source srcset=\"https:\/\/imgproxy.amomama.com\/fikKPvbrHuCq4hl8yiS6v6LHe56f_pxnuJBSS7D-Fog\/rs:fill:375:0:1\/g:no\/aHR0cHM6Ly9jZG4uYW1vbWFtYS5jb20vNDE5OTRjODcyODRkODBlMmQ3ZTMyNjAzY2MwZDQ2N2EwOTEzNDc4OWZkNGQ5NjQyM2JhMTNjNmM1MzA3MGUxMC5qcGc_d2lkdGg9MzMzMyZoZWlnaHQ9NTAwMA.jpg 375w,https:\/\/imgproxy.amomama.com\/kdpAJXM2LqBXw-M3hvjI_rMchtyPpl1QF6Q1ZqjAkJA\/rs:fill:576:0:1\/g:no\/aHR0cHM6Ly9jZG4uYW1vbWFtYS5jb20vNDE5OTRjODcyODRkODBlMmQ3ZTMyNjAzY2MwZDQ2N2EwOTEzNDc4OWZkNGQ5NjQyM2JhMTNjNmM1MzA3MGUxMC5qcGc_d2lkdGg9MzMzMyZoZWlnaHQ9NTAwMA.jpg 576w,https:\/\/imgproxy.amomama.com\/qpxEgG_n0nGfQPh41f0BtP7L7MeSu4foFIlHELbNPdQ\/rs:fill:768:0:1\/g:no\/aHR0cHM6Ly9jZG4uYW1vbWFtYS5jb20vNDE5OTRjODcyODRkODBlMmQ3ZTMyNjAzY2MwZDQ2N2EwOTEzNDc4OWZkNGQ5NjQyM2JhMTNjNmM1MzA3MGUxMC5qcGc_d2lkdGg9MzMzMyZoZWlnaHQ9NTAwMA.jpg 768w,https:\/\/imgproxy.amomama.com\/kX_5iqIdRG6MFtZETAVKPlQVSFg7ar7DRmf7pfgHiR0\/rs:fill:992:0:1\/g:no\/aHR0cHM6Ly9jZG4uYW1vbWFtYS5jb20vNDE5OTRjODcyODRkODBlMmQ3ZTMyNjAzY2MwZDQ2N2EwOTEzNDc4OWZkNGQ5NjQyM2JhMTNjNmM1MzA3MGUxMC5qcGc_d2lkdGg9MzMzMyZoZWlnaHQ9NTAwMA.jpg 992w,https:\/\/imgproxy.amomama.com\/wp5hdKdz8oQn7tspA1gaKE9cJDifdUSxyWpV5XRlCb8\/rs:fill:1200:0:1\/g:no\/aHR0cHM6Ly9jZG4uYW1vbWFtYS5jb20vNDE5OTRjODcyODRkODBlMmQ3ZTMyNjAzY2MwZDQ2N2EwOTEzNDc4OWZkNGQ5NjQyM2JhMTNjNmM1MzA3MGUxMC5qcGc_d2lkdGg9MzMzMyZoZWlnaHQ9NTAwMA.jpg 1200w\" type=\"image\/jpeg\" sizes=\"(max-width: 835px) 99.99vw, (max-width: 1279px) 581px, 581px\" \/><img loading=\"lazy\" decoding=\"async\" class=\"Image_image__11E9V Image_post-image__qnTn0\" src=\"https:\/\/cdn.amomama.com\/41994c87284d80e2d7e32603cc0d467a09134789fd4d96423ba13c6c53070e10.jpg\" alt=\"Sha'Carri Richardson attends the Met Gala at the Metropolitan Museum of Art on May 5, 2025, in New York City | Source: Getty Images\" width=\"3333\" height=\"5000\" \/><\/picture><\/div>\n<\/div>\n<p class=\"Image_title__T6_we\" data-testid=\"image-source\">Sha&#8217;Carri Richardson attends the Met Gala at the Metropolitan Museum of Art on May 5, 2025, in New York City | Source: Getty Images<\/p>\n<\/div>\n<\/div>\n<div>\n<div class=\"adv\">\n<div class=\"Ad-Container AdvInTextBuilder_slot-wrapper___Oz3G\">\n<div class=\"AdvTitle_wrap__wIGWH\"><span class=\"AdvTitle_text__hRK31\">Advertisement<\/span><\/div>\n<div class=\"Ad-Container AdvSlots_adv-square-wrap__va0pf AdvSlots_adv-square-wrap__BxSU_\">\n<div class=\"AdvSlots_adv-square__246sC\" data-slot-type=\"1\" data-position=\"in_article_3\" data-code=\"\/21668216007\/d_amomama_intext_03\">\n<div id=\"in_article_3-6\" class=\"AdvSlots_slot__YAMh2\"><\/div>\n<\/div>\n<\/div>\n<\/div>\n<\/div>\n<\/div>\n<div>\n<p class=\"ContentRenderer_paragraph__B2z36\">Usher\u00a0<a class=\"Link_link__PUK08 Link_link__kvrlb\" href=\"https:\/\/www.metmuseum.org\/press-releases\/ci-2025-exhibition-gala-details\" target=\"_blank\" rel=\"noopener noreferrer\" aria-label=\"https:\/\/www.metmuseum.org\/press-releases\/ci-2025-exhibition-gala-details\">added<\/a>, &#8220;The theme this year is not only timely but also speaks to our rich culture that should always be widely celebrated.&#8221;<\/p>\n<\/div>\n<div>\n<div class=\"Image_wrapper__1NP9g Image_wrapper-vertical__PwZAR\">\n<div class=\"Image_container__oHMMQ\">\n<div class=\"Image_ref__XcBnw\"><picture><source srcset=\"https:\/\/imgproxy.amomama.com\/WIOMJWOEnd7n5k6PpmXz_GxUaGO5LT0SW7Z14OQ5wd0\/rs:fill:375:0:1\/g:no\/aHR0cHM6Ly9jZG4uYW1vbWFtYS5jb20vMzNlOGZiYzgzNTViOTgxMTA1YTM1NTA2NDg5MzFiNDczYWFmYjUyNWU4MzJhZmUxZDZkZjRmODk1MWU4MGRlNi5qcGc_d2lkdGg9NDQzOSZoZWlnaHQ9NjAwMA.jpg 375w,https:\/\/imgproxy.amomama.com\/a6sL8TNdnjMom5CLQGH0deFavYWYcby4okAScnrVbc4\/rs:fill:576:0:1\/g:no\/aHR0cHM6Ly9jZG4uYW1vbWFtYS5jb20vMzNlOGZiYzgzNTViOTgxMTA1YTM1NTA2NDg5MzFiNDczYWFmYjUyNWU4MzJhZmUxZDZkZjRmODk1MWU4MGRlNi5qcGc_d2lkdGg9NDQzOSZoZWlnaHQ9NjAwMA.jpg 576w,https:\/\/imgproxy.amomama.com\/4QLNRKtowEfg8qN8iZHKkUC7EtYzGi57XXQ10RdtdwU\/rs:fill:768:0:1\/g:no\/aHR0cHM6Ly9jZG4uYW1vbWFtYS5jb20vMzNlOGZiYzgzNTViOTgxMTA1YTM1NTA2NDg5MzFiNDczYWFmYjUyNWU4MzJhZmUxZDZkZjRmODk1MWU4MGRlNi5qcGc_d2lkdGg9NDQzOSZoZWlnaHQ9NjAwMA.jpg 768w,https:\/\/imgproxy.amomama.com\/pnjDso_sRoIE-wMuquP8bKl2LjgSqIfOcb1OxpvUihQ\/rs:fill:992:0:1\/g:no\/aHR0cHM6Ly9jZG4uYW1vbWFtYS5jb20vMzNlOGZiYzgzNTViOTgxMTA1YTM1NTA2NDg5MzFiNDczYWFmYjUyNWU4MzJhZmUxZDZkZjRmODk1MWU4MGRlNi5qcGc_d2lkdGg9NDQzOSZoZWlnaHQ9NjAwMA.jpg 992w,https:\/\/imgproxy.amomama.com\/hTEczOdZsQuT0a-ga5WEe7NMMe_JbMdDcIwfZqSVnLs\/rs:fill:1200:0:1\/g:no\/aHR0cHM6Ly9jZG4uYW1vbWFtYS5jb20vMzNlOGZiYzgzNTViOTgxMTA1YTM1NTA2NDg5MzFiNDczYWFmYjUyNWU4MzJhZmUxZDZkZjRmODk1MWU4MGRlNi5qcGc_d2lkdGg9NDQzOSZoZWlnaHQ9NjAwMA.jpg 1200w\" type=\"image\/jpeg\" sizes=\"(max-width: 835px) 100vw, (max-width: 1279px) 581px, 581px\" \/><img loading=\"lazy\" decoding=\"async\" class=\"Image_image__11E9V Image_post-image__qnTn0\" src=\"https:\/\/cdn.amomama.com\/33e8fbc8355b981105a3550648931b473aafb525e832afe1d6df4f8951e80de6.jpg\" alt=\"Usher attends the Met Gala at the Metropolitan Museum of Art on May 5, 2025, in New York City. | Source: Getty Images\" width=\"4439\" height=\"6000\" \/><\/picture><\/div>\n<\/div>\n<p class=\"Image_title__T6_we\" data-testid=\"image-source\">Usher attends the Met Gala at the Metropolitan Museum of Art on May 5, 2025, in New York City. | Source: Getty Images<\/p>\n<\/div>\n<\/div>\n<div>\n<p class=\"ContentRenderer_paragraph__B2z36\">As the exhibition continues, Stallion&#8217;s post \u2014 while raising questions about Met Gala protocol \u2014 also inadvertently drew wider attention to a night designed to honor Black creativity and its lasting impact on fashion and identity.<\/p>\n<\/div>\n<\/div>\n<\/div>\n<\/div>\n<\/div>\n","protected":false},"excerpt":{"rendered":"<p>&nbsp; &nbsp; Just hours after dazzling on the red carpet, the American rapper gave fans an unsanctioned look inside one of fashion&#8217;s most secretive events. Read on for all the &hellip; <\/p>\n","protected":false},"author":2,"featured_media":26871,"comment_status":"open","ping_status":"open","sticky":false,"template":"","format":"standard","meta":{"footnotes":""},"categories":[1],"tags":[],"class_list":["post-26870","post","type-post","status-publish","format-standard","has-post-thumbnail","hentry","category-uncategorized"],"_links":{"self":[{"href":"https:\/\/usdailys.com\/index.php?rest_route=\/wp\/v2\/posts\/26870","targetHints":{"allow":["GET"]}}],"collection":[{"href":"https:\/\/usdailys.com\/index.php?rest_route=\/wp\/v2\/posts"}],"about":[{"href":"https:\/\/usdailys.com\/index.php?rest_route=\/wp\/v2\/types\/post"}],"author":[{"embeddable":true,"href":"https:\/\/usdailys.com\/index.php?rest_route=\/wp\/v2\/users\/2"}],"replies":[{"embeddable":true,"href":"https:\/\/usdailys.com\/index.php?rest_route=%2Fwp%2Fv2%2Fcomments&post=26870"}],"version-history":[{"count":1,"href":"https:\/\/usdailys.com\/index.php?rest_route=\/wp\/v2\/posts\/26870\/revisions"}],"predecessor-version":[{"id":26872,"href":"https:\/\/usdailys.com\/index.php?rest_route=\/wp\/v2\/posts\/26870\/revisions\/26872"}],"wp:featuredmedia":[{"embeddable":true,"href":"https:\/\/usdailys.com\/index.php?rest_route=\/wp\/v2\/media\/26871"}],"wp:attachment":[{"href":"https:\/\/usdailys.com\/index.php?rest_route=%2Fwp%2Fv2%2Fmedia&parent=26870"}],"wp:term":[{"taxonomy":"category","embeddable":true,"href":"https:\/\/usdailys.com\/index.php?rest_route=%2Fwp%2Fv2%2Fcategories&post=26870"},{"taxonomy":"post_tag","embeddable":true,"href":"https:\/\/usdailys.com\/index.php?rest_route=%2Fwp%2Fv2%2Ftags&post=26870"}],"curies":[{"name":"wp","href":"https:\/\/api.w.org\/{rel}","templated":true}]}}